{"id":9787,"date":"2025-12-05T21:33:03","date_gmt":"2025-12-05T20:33:03","guid":{"rendered":"https:\/\/www.lartesana.org\/?p=9787"},"modified":"2025-12-05T21:39:03","modified_gmt":"2025-12-05T20:39:03","slug":"concierto-de-navidad-2025","status":"publish","type":"post","link":"https:\/\/www.lartesana.org\/es\/concierto-de-navidad-2025\/","title":{"rendered":"Concierto de Navidad 2025"},"content":{"rendered":"\n<p>El pr\u00f3ximo <strong>21 de diciembre<\/strong>, nuestra Orquestra Sinf\u00f3nica de la S.M. L\u2019Artesana, dirigida por Albert Gonzalvez Card\u00f3s, ofrecer\u00e1 su esperado <strong>Concierto de Navidad<\/strong>, un encuentro musical lleno de ilusi\u00f3n, tradici\u00f3n y belleza sonora.<\/p>\n\n\n\n<p>Este a\u00f1o contaremos con la presencia especial de la Coral Juvenil \u201cAntonio Claverol\u201d, de la Escuela de M\u00fasica Salvador Chuli\u00e1, bajo la direcci\u00f3n de su titular Sigfrido P\u00e9rez Fayos. Sus j\u00f3venes voces aportar\u00e1n frescura y energ\u00eda a \u00e9sta emotiva velada.<\/p>\n\n\n\n<p><strong>Lugar:<\/strong> Iglesia Arciprestal de San Miguel Arc\u00e1ngel de Catarroja<br><strong>Hora:<\/strong> 17:30<\/p>\n\n\n\n<p>Invitamos a todos los m\u00fasicos, socios, familias y amantes de la m\u00fasica a acompa\u00f1arnos en esta tarde tan especial. Ser\u00e1 una oportunidad perfecta para disfrutar juntos del esp\u00edritu navide\u00f1o a trav\u00e9s de la m\u00fasica.<\/p>\n\n\n\n<p>\u00a1Os esperamos con mucha ilusi\u00f3n!<br>Seguimos #HaciendoArtesana<\/p>\n\n\n\n<figure class=\"wp-block-image aligncenter size-full is-resized\"><a href=\"https:\/\/www.lartesana.org\/wp-content\/uploads\/2025\/12\/588222807_18098720848691343_1878409951605981861_n-1.jpg\"><img loading=\"lazy\" decoding=\"async\" width=\"1440\" height=\"1920\" src=\"https:\/\/www.lartesana.org\/wp-content\/uploads\/2025\/12\/588222807_18098720848691343_1878409951605981861_n-1.jpg\" alt=\"\" class=\"wp-image-9785\" style=\"width:292px;height:auto\" srcset=\"https:\/\/www.lartesana.org\/wp-content\/uploads\/2025\/12\/588222807_18098720848691343_1878409951605981861_n-1.jpg 1440w, https:\/\/www.lartesana.org\/wp-content\/uploads\/2025\/12\/588222807_18098720848691343_1878409951605981861_n-1-1280x1707.jpg 1280w, https:\/\/www.lartesana.org\/wp-content\/uploads\/2025\/12\/588222807_18098720848691343_1878409951605981861_n-1-980x1307.jpg 980w, https:\/\/www.lartesana.org\/wp-content\/uploads\/2025\/12\/588222807_18098720848691343_1878409951605981861_n-1-480x640.jpg 480w\" sizes=\"(min-width: 0px) and (max-width: 480px) 480px, (min-width: 481px) and (max-width: 980px) 980px, (min-width: 981px) and (max-width: 1280px) 1280px, (min-width: 1281px) 1440px, 100vw\" \/><\/a><\/figure>\n","protected":false},"excerpt":{"rendered":"<p>El pr\u00f3ximo 21 de diciembre, nuestra Orquestra Sinf\u00f3nica de la S.M. L\u2019Artesana, dirigida por Albert Gonzalvez Card\u00f3s, ofrecer\u00e1 su esperado Concierto de Navidad, un encuentro musical lleno de ilusi\u00f3n, tradici\u00f3n y belleza sonora. Este a\u00f1o contaremos con la presencia especial de la Coral Juvenil \u201cAntonio Claverol\u201d, de la Escuela de M\u00fasica Salvador Chuli\u00e1, bajo la [&hellip;]<\/p>\n","protected":false},"author":3,"featured_media":9781,"comment_status":"closed","ping_status":"closed","sticky":true,"template":"","format":"standard","meta":{"_et_pb_use_builder":"off","_et_pb_old_content":"","_et_gb_content_width":"","footnotes":""},"categories":[30,44,11],"tags":[],"class_list":["post-9787","post","type-post","status-publish","format-standard","has-post-thumbnail","hentry","category-coral-2","category-escuela","category-orquestra"],"_links":{"self":[{"href":"https:\/\/www.lartesana.org\/es\/wp-json\/wp\/v2\/posts\/9787","targetHints":{"allow":["GET"]}}],"collection":[{"href":"https:\/\/www.lartesana.org\/es\/wp-json\/wp\/v2\/posts"}],"about":[{"href":"https:\/\/www.lartesana.org\/es\/wp-json\/wp\/v2\/types\/post"}],"author":[{"embeddable":true,"href":"https:\/\/www.lartesana.org\/es\/wp-json\/wp\/v2\/users\/3"}],"replies":[{"embeddable":true,"href":"https:\/\/www.lartesana.org\/es\/wp-json\/wp\/v2\/comments?post=9787"}],"version-history":[{"count":1,"href":"https:\/\/www.lartesana.org\/es\/wp-json\/wp\/v2\/posts\/9787\/revisions"}],"predecessor-version":[{"id":9788,"href":"https:\/\/www.lartesana.org\/es\/wp-json\/wp\/v2\/posts\/9787\/revisions\/9788"}],"wp:featuredmedia":[{"embeddable":true,"href":"https:\/\/www.lartesana.org\/es\/wp-json\/wp\/v2\/media\/9781"}],"wp:attachment":[{"href":"https:\/\/www.lartesana.org\/es\/wp-json\/wp\/v2\/media?parent=9787"}],"wp:term":[{"taxonomy":"category","embeddable":true,"href":"https:\/\/www.lartesana.org\/es\/wp-json\/wp\/v2\/categories?post=9787"},{"taxonomy":"post_tag","embeddable":true,"href":"https:\/\/www.lartesana.org\/es\/wp-json\/wp\/v2\/tags?post=9787"}],"curies":[{"name":"wp","href":"https:\/\/api.w.org\/{rel}","templated":true}]}}