{"id":8693,"date":"2025-05-26T14:18:38","date_gmt":"2025-05-26T12:18:38","guid":{"rendered":"https:\/\/www.lartesana.org\/?p=8693"},"modified":"2025-05-26T20:47:24","modified_gmt":"2025-05-26T18:47:24","slug":"concierto-de-intercambio-musical-de-bandas-juveniles","status":"publish","type":"post","link":"https:\/\/www.lartesana.org\/es\/concierto-de-intercambio-musical-de-bandas-juveniles\/","title":{"rendered":"Concierto de Intercambio Musical de Bandas Juveniles"},"content":{"rendered":"\n<p>El pr\u00f3ximo <strong>domingo 1 de junio a las 12:00 h<\/strong>, tenemos una cita muy especial en l\u2019Artesana: nuestra <strong>Banda Jove \u201cMestre Tar\u00edn\u201d<\/strong> ofrecer\u00e1 un <strong>concierto de intercambio musical<\/strong> junto a la banda juvenil del <strong>CIM de Beniparrell<\/strong>.<\/p>\n\n\n\n<p><strong>Fecha:<\/strong> Domingo, 1 de junio de 2025<br><strong>Hora:<\/strong> 12:00 horas<br><strong>Lugar:<\/strong> Sal\u00f3n de Actos \u201cMestre Salanova\u201d \u2013 S. M. l\u2019Artesana<br><strong>Entrada libre y gratuita<\/strong><\/p>\n\n\n\n<p>Este evento se enmarca dentro de la <strong>XXII Campa\u00f1a de Conciertos de Intercambio 2025<\/strong>, una iniciativa organizada por la <strong>Federaci\u00f3 de Societats Musicals de la Comunitat Valenciana (FSMCV)<\/strong>. Esta campa\u00f1a promueve el encuentro entre diferentes agrupaciones musicales juveniles, fomentando el intercambio art\u00edstico, la convivencia entre m\u00fasicos y el desarrollo cultural en el \u00e1mbito musical valenciano.<\/p>\n\n\n\n<p>Ser\u00e1 una magn\u00edfica oportunidad para disfrutar del talento de nuestros j\u00f3venes int\u00e9rpretes, compartir experiencias con otras formaciones y seguir promoviendo los valores de la m\u00fasica entre las nuevas generaciones.<\/p>\n\n\n\n<p>Desde l\u2019Artesana queremos invitar a <strong>todas las familias, amigos y amantes de la m\u00fasica<\/strong> a acompa\u00f1arnos en este acto tan especial, en el que nuestros j\u00f3venes m\u00fasicos demostrar\u00e1n su  esfuerzo y entusiasmo por la m\u00fasica. <\/p>\n\n\n\n<p>\u00a1Ven a disfrutar de la m\u00fasica con nosotros!<\/p>\n\n\n\n<p><\/p>\n\n\n\n<figure class=\"wp-block-image aligncenter size-full is-resized\"><a href=\"https:\/\/www.lartesana.org\/wp-content\/uploads\/2025\/05\/programa-de-ma-banda-jove-20250601_page-0001-1.jpg\"><img loading=\"lazy\" decoding=\"async\" width=\"1755\" height=\"1241\" src=\"https:\/\/www.lartesana.org\/wp-content\/uploads\/2025\/05\/programa-de-ma-banda-jove-20250601_page-0001-1.jpg\" alt=\"\" class=\"wp-image-8716\" style=\"width:690px;height:auto\" srcset=\"https:\/\/www.lartesana.org\/wp-content\/uploads\/2025\/05\/programa-de-ma-banda-jove-20250601_page-0001-1.jpg 1755w, https:\/\/www.lartesana.org\/wp-content\/uploads\/2025\/05\/programa-de-ma-banda-jove-20250601_page-0001-1-1280x905.jpg 1280w, https:\/\/www.lartesana.org\/wp-content\/uploads\/2025\/05\/programa-de-ma-banda-jove-20250601_page-0001-1-980x693.jpg 980w, https:\/\/www.lartesana.org\/wp-content\/uploads\/2025\/05\/programa-de-ma-banda-jove-20250601_page-0001-1-480x339.jpg 480w\" sizes=\"(min-width: 0px) and (max-width: 480px) 480px, (min-width: 481px) and (max-width: 980px) 980px, (min-width: 981px) and (max-width: 1280px) 1280px, (min-width: 1281px) 1755px, 100vw\" \/><\/a><\/figure>\n","protected":false},"excerpt":{"rendered":"<p>El pr\u00f3ximo domingo 1 de junio a las 12:00 h, tenemos una cita muy especial en l\u2019Artesana: nuestra Banda Jove \u201cMestre Tar\u00edn\u201d ofrecer\u00e1 un concierto de intercambio musical junto a la banda juvenil del CIM de Beniparrell. Fecha: Domingo, 1 de junio de 2025Hora: 12:00 horasLugar: Sal\u00f3n de Actos \u201cMestre Salanova\u201d \u2013 S. M. l\u2019ArtesanaEntrada [&hellip;]<\/p>\n","protected":false},"author":3,"featured_media":8700,"comment_status":"closed","ping_status":"closed","sticky":true,"template":"","format":"standard","meta":{"_et_pb_use_builder":"off","_et_pb_old_content":"","_et_gb_content_width":"","footnotes":""},"categories":[29,8,1],"tags":[],"class_list":["post-8693","post","type-post","status-publish","format-standard","has-post-thumbnail","hentry","category-banda-juvenil-2","category-escola","category-sin-categorizar"],"_links":{"self":[{"href":"https:\/\/www.lartesana.org\/es\/wp-json\/wp\/v2\/posts\/8693","targetHints":{"allow":["GET"]}}],"collection":[{"href":"https:\/\/www.lartesana.org\/es\/wp-json\/wp\/v2\/posts"}],"about":[{"href":"https:\/\/www.lartesana.org\/es\/wp-json\/wp\/v2\/types\/post"}],"author":[{"embeddable":true,"href":"https:\/\/www.lartesana.org\/es\/wp-json\/wp\/v2\/users\/3"}],"replies":[{"embeddable":true,"href":"https:\/\/www.lartesana.org\/es\/wp-json\/wp\/v2\/comments?post=8693"}],"version-history":[{"count":4,"href":"https:\/\/www.lartesana.org\/es\/wp-json\/wp\/v2\/posts\/8693\/revisions"}],"predecessor-version":[{"id":8719,"href":"https:\/\/www.lartesana.org\/es\/wp-json\/wp\/v2\/posts\/8693\/revisions\/8719"}],"wp:featuredmedia":[{"embeddable":true,"href":"https:\/\/www.lartesana.org\/es\/wp-json\/wp\/v2\/media\/8700"}],"wp:attachment":[{"href":"https:\/\/www.lartesana.org\/es\/wp-json\/wp\/v2\/media?parent=8693"}],"wp:term":[{"taxonomy":"category","embeddable":true,"href":"https:\/\/www.lartesana.org\/es\/wp-json\/wp\/v2\/categories?post=8693"},{"taxonomy":"post_tag","embeddable":true,"href":"https:\/\/www.lartesana.org\/es\/wp-json\/wp\/v2\/tags?post=8693"}],"curies":[{"name":"wp","href":"https:\/\/api.w.org\/{rel}","templated":true}]}}