{"id":8654,"date":"2025-05-26T13:23:49","date_gmt":"2025-05-26T11:23:49","guid":{"rendered":"https:\/\/www.lartesana.org\/?p=8654"},"modified":"2025-05-26T14:40:32","modified_gmt":"2025-05-26T12:40:32","slug":"enhorabuena-pablo-gamon-chover","status":"publish","type":"post","link":"https:\/\/www.lartesana.org\/es\/enhorabuena-pablo-gamon-chover\/","title":{"rendered":"\u00a1Enhorabuena, Pablo Gam\u00f3n Chover!"},"content":{"rendered":"\n<p>Desde la gran familia de <strong>L\u2019Artesana<\/strong>, queremos expresar nuestra <strong>m\u00e1s sincera felicitaci\u00f3n<\/strong> a nuestro m\u00fasico <strong>Pablo Gam\u00f3n Chover<\/strong>, quien ha obtenido el <strong>Primer Premio en la modalidad de Viento-Madera<\/strong> en el <strong>XXI Concurso de J\u00f3venes Int\u00e9rpretes Ciutat de X\u00e0tiva<\/strong>.<\/p>\n\n\n\n<p>Este reconocimiento es fruto del esfuerzo, la dedicaci\u00f3n y el talento de Pablo, y por ello nos llena de orgullo a todos los que formamos parte de esta sociedad musical ver c\u00f3mo crecen y destacan nuestros m\u00fasicos. <\/p>\n\n\n\n<p>\u00a1<strong>Enhorabuena, Pablo!<\/strong> Sigue haciendo m\u00fasica con el mismo entusiasmo que te ha llevado hasta aqu\u00ed.<\/p>\n\n\n\n<p><\/p>\n\n\n\n<figure class=\"wp-block-image aligncenter size-full is-resized\"><img loading=\"lazy\" decoding=\"async\" width=\"155\" height=\"249\" src=\"https:\/\/www.lartesana.org\/wp-content\/uploads\/2025\/05\/retall.jpg\" alt=\"\" class=\"wp-image-8706\" style=\"width:287px;height:auto\"\/><\/figure>\n","protected":false},"excerpt":{"rendered":"<p>Desde la gran familia de L\u2019Artesana, queremos expresar nuestra m\u00e1s sincera felicitaci\u00f3n a nuestro m\u00fasico Pablo Gam\u00f3n Chover, quien ha obtenido el Primer Premio en la modalidad de Viento-Madera en el XXI Concurso de J\u00f3venes Int\u00e9rpretes Ciutat de X\u00e0tiva. Este reconocimiento es fruto del esfuerzo, la dedicaci\u00f3n y el talento de Pablo, y por ello [&hellip;]<\/p>\n","protected":false},"author":3,"featured_media":8659,"comment_status":"closed","ping_status":"closed","sticky":true,"template":"","format":"standard","meta":{"_et_pb_use_builder":"off","_et_pb_old_content":"","_et_gb_content_width":"","footnotes":""},"categories":[1,7,42],"tags":[],"class_list":["post-8654","post","type-post","status-publish","format-standard","has-post-thumbnail","hentry","category-sin-categorizar","category-societat","category-societat-2-es"],"_links":{"self":[{"href":"https:\/\/www.lartesana.org\/es\/wp-json\/wp\/v2\/posts\/8654","targetHints":{"allow":["GET"]}}],"collection":[{"href":"https:\/\/www.lartesana.org\/es\/wp-json\/wp\/v2\/posts"}],"about":[{"href":"https:\/\/www.lartesana.org\/es\/wp-json\/wp\/v2\/types\/post"}],"author":[{"embeddable":true,"href":"https:\/\/www.lartesana.org\/es\/wp-json\/wp\/v2\/users\/3"}],"replies":[{"embeddable":true,"href":"https:\/\/www.lartesana.org\/es\/wp-json\/wp\/v2\/comments?post=8654"}],"version-history":[{"count":3,"href":"https:\/\/www.lartesana.org\/es\/wp-json\/wp\/v2\/posts\/8654\/revisions"}],"predecessor-version":[{"id":8709,"href":"https:\/\/www.lartesana.org\/es\/wp-json\/wp\/v2\/posts\/8654\/revisions\/8709"}],"wp:featuredmedia":[{"embeddable":true,"href":"https:\/\/www.lartesana.org\/es\/wp-json\/wp\/v2\/media\/8659"}],"wp:attachment":[{"href":"https:\/\/www.lartesana.org\/es\/wp-json\/wp\/v2\/media?parent=8654"}],"wp:term":[{"taxonomy":"category","embeddable":true,"href":"https:\/\/www.lartesana.org\/es\/wp-json\/wp\/v2\/categories?post=8654"},{"taxonomy":"post_tag","embeddable":true,"href":"https:\/\/www.lartesana.org\/es\/wp-json\/wp\/v2\/tags?post=8654"}],"curies":[{"name":"wp","href":"https:\/\/api.w.org\/{rel}","templated":true}]}}