{"id":8640,"date":"2025-05-22T15:42:40","date_gmt":"2025-05-22T13:42:40","guid":{"rendered":"https:\/\/www.lartesana.org\/?p=8640"},"modified":"2025-05-22T15:59:25","modified_gmt":"2025-05-22T13:59:25","slug":"celebrem-el-mig-any-de-santa-cecilia","status":"publish","type":"post","link":"https:\/\/www.lartesana.org\/es\/celebrem-el-mig-any-de-santa-cecilia\/","title":{"rendered":"Celebramos el Mig Any de Santa Cec\u00edlia!"},"content":{"rendered":"\n<p><\/p>\n\n\n\n<p>Despu\u00e9s de los lamentables da\u00f1os causados por la DANA, que nos impidieron celebrar como merec\u00edamos nuestra fiesta en honor a Santa Cec\u00edlia, \u00a1por fin ha llegado el momento de reencontrarnos!<\/p>\n\n\n\n<p><strong>Este s\u00e1bado 24 de mayo<\/strong>, la <strong>Societat Musical l&#8217;Artesana<\/strong> se llena de m\u00fasica, alegr\u00eda y tradici\u00f3n para celebrar el <strong>Mig Any de Santa Cec\u00edlia<\/strong>.<\/p>\n\n\n\n<p>Un d\u00eda para disfrutar con todos vosotros, con actividaedes, buen ambiente y, como no, la mejor m\u00fasica de la charanga Els Tocaets!<\/p>\n\n\n\n<p>No falt\u00e9is, porque <strong>os esperamos con mucha ilusi\u00f3n<\/strong> para vivir juntos un d\u00eda especial lleno de buenos momentos.<\/p>\n\n\n\n<p>\u00a1\u00a1\u00a1OS ESPERAMOS!!!<br><strong>Vos esperem a totes i tots!!!<\/strong><\/p>\n\n\n\n<p>#SMArtesana #SantaCec\u00edlia #MigAny2025 #M\u00fasicaiTradici\u00f3 #FestaiM\u00fasica<\/p>\n\n\n\n<figure class=\"wp-block-image aligncenter size-full is-resized\"><a href=\"https:\/\/www.lartesana.org\/wp-content\/uploads\/2025\/05\/499596715_1260265489437416_4417530868554896730_n.jpg\"><img loading=\"lazy\" decoding=\"async\" width=\"905\" height=\"1280\" src=\"https:\/\/www.lartesana.org\/wp-content\/uploads\/2025\/05\/499596715_1260265489437416_4417530868554896730_n.jpg\" alt=\"\" class=\"wp-image-8638\" style=\"width:456px;height:auto\" srcset=\"https:\/\/www.lartesana.org\/wp-content\/uploads\/2025\/05\/499596715_1260265489437416_4417530868554896730_n.jpg 905w, https:\/\/www.lartesana.org\/wp-content\/uploads\/2025\/05\/499596715_1260265489437416_4417530868554896730_n-480x679.jpg 480w\" sizes=\"(min-width: 0px) and (max-width: 480px) 480px, (min-width: 481px) 905px, 100vw\" \/><\/a><\/figure>\n","protected":false},"excerpt":{"rendered":"<p>Despu\u00e9s de los lamentables da\u00f1os causados por la DANA, que nos impidieron celebrar como merec\u00edamos nuestra fiesta en honor a Santa Cec\u00edlia, \u00a1por fin ha llegado el momento de reencontrarnos! Este s\u00e1bado 24 de mayo, la Societat Musical l&#8217;Artesana se llena de m\u00fasica, alegr\u00eda y tradici\u00f3n para celebrar el Mig Any de Santa Cec\u00edlia. Un [&hellip;]<\/p>\n","protected":false},"author":3,"featured_media":8636,"comment_status":"closed","ping_status":"closed","sticky":true,"template":"","format":"standard","meta":{"_et_pb_use_builder":"off","_et_pb_old_content":"","_et_gb_content_width":"","footnotes":""},"categories":[42],"tags":[],"class_list":["post-8640","post","type-post","status-publish","format-standard","has-post-thumbnail","hentry","category-societat-2-es"],"_links":{"self":[{"href":"https:\/\/www.lartesana.org\/es\/wp-json\/wp\/v2\/posts\/8640","targetHints":{"allow":["GET"]}}],"collection":[{"href":"https:\/\/www.lartesana.org\/es\/wp-json\/wp\/v2\/posts"}],"about":[{"href":"https:\/\/www.lartesana.org\/es\/wp-json\/wp\/v2\/types\/post"}],"author":[{"embeddable":true,"href":"https:\/\/www.lartesana.org\/es\/wp-json\/wp\/v2\/users\/3"}],"replies":[{"embeddable":true,"href":"https:\/\/www.lartesana.org\/es\/wp-json\/wp\/v2\/comments?post=8640"}],"version-history":[{"count":2,"href":"https:\/\/www.lartesana.org\/es\/wp-json\/wp\/v2\/posts\/8640\/revisions"}],"predecessor-version":[{"id":8643,"href":"https:\/\/www.lartesana.org\/es\/wp-json\/wp\/v2\/posts\/8640\/revisions\/8643"}],"wp:featuredmedia":[{"embeddable":true,"href":"https:\/\/www.lartesana.org\/es\/wp-json\/wp\/v2\/media\/8636"}],"wp:attachment":[{"href":"https:\/\/www.lartesana.org\/es\/wp-json\/wp\/v2\/media?parent=8640"}],"wp:term":[{"taxonomy":"category","embeddable":true,"href":"https:\/\/www.lartesana.org\/es\/wp-json\/wp\/v2\/categories?post=8640"},{"taxonomy":"post_tag","embeddable":true,"href":"https:\/\/www.lartesana.org\/es\/wp-json\/wp\/v2\/tags?post=8640"}],"curies":[{"name":"wp","href":"https:\/\/api.w.org\/{rel}","templated":true}]}}