{"id":8015,"date":"2025-01-04T22:55:25","date_gmt":"2025-01-04T21:55:25","guid":{"rendered":"https:\/\/www.lartesana.org\/?p=8015"},"modified":"2025-01-04T22:55:27","modified_gmt":"2025-01-04T21:55:27","slug":"agradecimiento-por-un-concierto-solidario-inolvidable","status":"publish","type":"post","link":"https:\/\/www.lartesana.org\/es\/agradecimiento-por-un-concierto-solidario-inolvidable\/","title":{"rendered":"Agradecimiento por un concierto solidario inolvidable."},"content":{"rendered":"\n<p><strong>El pasado viernes 3 de enero, el grupo musical aragon\u00e9s En Clave de Luna, ofreci\u00f3 un magn\u00edfico concierto en el Centro C\u00edvico Delicias de Zaragoza con un prop\u00f3sito que nos llena de orgullo: apoyar a las Sociedades Musicales afectadas por la DANA en Valencia.<\/strong><\/p>\n\n\n\n<p><strong>El evento, que dio comienzo a las 19:00 horas, no solo nos permiti\u00f3 disfrutar de una actuaci\u00f3n llena de emoci\u00f3n y virtuosismo, sino que tambi\u00e9n fue una muestra del poder transformador de la m\u00fasica cuando se une a una causa solidaria.<\/strong><\/p>\n\n\n\n<p><strong>Gracias a la venta de entradas, cuya recaudaci\u00f3n fue entregada \u00edntegramente para esta noble causa, se demuestra que la solidaridad puede traspasar fronteras y unir corazones.<\/strong><\/p>\n\n\n\n<p><strong>Asistieron como representantes de la Sociedad Musical l&#8217;Artesana, Elisa Garc\u00eda (Secretaria de la Junta Directiva) y dos integrantes de la Banda Sinf\u00f3nica de l&#8217;Artesana, Alba Soriano (tromb\u00f3n) y Andrea Soriano (obo\u00e9).<\/strong><\/p>\n\n\n\n<p><strong>Desde la Sociedad Musical l&#8217;Artesana de Catarroja, queremos expresar nuestro m\u00e1s profundo agradecimiento a En Clave de Luna por su generosidad y compromiso, al Centro C\u00edvico Delicias por acoger este evento, y a todas las personas que participaron y colaboraron en esta iniciativa.<\/strong><\/p>\n\n\n\n<p><strong>\u00a1Gracias por demostrar que la m\u00fasica tiene el poder de marcar la diferencia!<\/strong><\/p>\n\n\n\n<p><strong>\u00a1La m\u00fasica unida por Valencia!<\/strong><\/p>\n\n\n\n<p><\/p>\n\n\n\n<figure class=\"wp-block-gallery has-nested-images columns-default is-cropped wp-block-gallery-1 is-layout-flex wp-block-gallery-is-layout-flex\">\n<figure class=\"wp-block-image size-large\"><a href=\"https:\/\/www.lartesana.org\/wp-content\/uploads\/2025\/01\/469983843_536426202723592_8397825594050462329_n.jpg\"><img loading=\"lazy\" decoding=\"async\" width=\"1170\" height=\"1634\" data-id=\"8018\" src=\"https:\/\/www.lartesana.org\/wp-content\/uploads\/2025\/01\/469983843_536426202723592_8397825594050462329_n.jpg\" alt=\"\" class=\"wp-image-8018\" srcset=\"https:\/\/www.lartesana.org\/wp-content\/uploads\/2025\/01\/469983843_536426202723592_8397825594050462329_n.jpg 1170w, https:\/\/www.lartesana.org\/wp-content\/uploads\/2025\/01\/469983843_536426202723592_8397825594050462329_n-980x1369.jpg 980w, https:\/\/www.lartesana.org\/wp-content\/uploads\/2025\/01\/469983843_536426202723592_8397825594050462329_n-480x670.jpg 480w\" sizes=\"(min-width: 0px) and (max-width: 480px) 480px, (min-width: 481px) and (max-width: 980px) 980px, (min-width: 981px) 1170px, 100vw\" \/><\/a><\/figure>\n\n\n\n<figure class=\"wp-block-image size-large\"><a href=\"https:\/\/www.lartesana.org\/wp-content\/uploads\/2025\/01\/Imagen-de-WhatsApp-2025-01-04-a-las-10.32.10_60a08aed.jpg\"><img loading=\"lazy\" decoding=\"async\" width=\"1600\" height=\"1200\" data-id=\"8017\" src=\"https:\/\/www.lartesana.org\/wp-content\/uploads\/2025\/01\/Imagen-de-WhatsApp-2025-01-04-a-las-10.32.10_60a08aed.jpg\" alt=\"\" class=\"wp-image-8017\" srcset=\"https:\/\/www.lartesana.org\/wp-content\/uploads\/2025\/01\/Imagen-de-WhatsApp-2025-01-04-a-las-10.32.10_60a08aed.jpg 1600w, https:\/\/www.lartesana.org\/wp-content\/uploads\/2025\/01\/Imagen-de-WhatsApp-2025-01-04-a-las-10.32.10_60a08aed-1280x960.jpg 1280w, https:\/\/www.lartesana.org\/wp-content\/uploads\/2025\/01\/Imagen-de-WhatsApp-2025-01-04-a-las-10.32.10_60a08aed-980x735.jpg 980w, https:\/\/www.lartesana.org\/wp-content\/uploads\/2025\/01\/Imagen-de-WhatsApp-2025-01-04-a-las-10.32.10_60a08aed-480x360.jpg 480w\" sizes=\"(min-width: 0px) and (max-width: 480px) 480px, (min-width: 481px) and (max-width: 980px) 980px, (min-width: 981px) and (max-width: 1280px) 1280px, (min-width: 1281px) 1600px, 100vw\" \/><\/a><\/figure>\n\n\n\n<figure class=\"wp-block-image size-large\"><a href=\"https:\/\/www.lartesana.org\/wp-content\/uploads\/2025\/01\/Imagen-de-WhatsApp-2025-01-04-a-las-10.32.10_f52afe03.jpg\"><img loading=\"lazy\" decoding=\"async\" width=\"1600\" height=\"1200\" data-id=\"8019\" src=\"https:\/\/www.lartesana.org\/wp-content\/uploads\/2025\/01\/Imagen-de-WhatsApp-2025-01-04-a-las-10.32.10_f52afe03.jpg\" alt=\"\" class=\"wp-image-8019\" srcset=\"https:\/\/www.lartesana.org\/wp-content\/uploads\/2025\/01\/Imagen-de-WhatsApp-2025-01-04-a-las-10.32.10_f52afe03.jpg 1600w, https:\/\/www.lartesana.org\/wp-content\/uploads\/2025\/01\/Imagen-de-WhatsApp-2025-01-04-a-las-10.32.10_f52afe03-1280x960.jpg 1280w, https:\/\/www.lartesana.org\/wp-content\/uploads\/2025\/01\/Imagen-de-WhatsApp-2025-01-04-a-las-10.32.10_f52afe03-980x735.jpg 980w, https:\/\/www.lartesana.org\/wp-content\/uploads\/2025\/01\/Imagen-de-WhatsApp-2025-01-04-a-las-10.32.10_f52afe03-480x360.jpg 480w\" sizes=\"(min-width: 0px) and (max-width: 480px) 480px, (min-width: 481px) and (max-width: 980px) 980px, (min-width: 981px) and (max-width: 1280px) 1280px, (min-width: 1281px) 1600px, 100vw\" \/><\/a><\/figure>\n\n\n\n<figure class=\"wp-block-image size-large\"><a href=\"https:\/\/www.lartesana.org\/wp-content\/uploads\/2025\/01\/Imagen-de-WhatsApp-2025-01-04-a-las-10.32.11_aa685c03.jpg\"><img loading=\"lazy\" decoding=\"async\" width=\"2000\" height=\"1500\" data-id=\"8024\" src=\"https:\/\/www.lartesana.org\/wp-content\/uploads\/2025\/01\/Imagen-de-WhatsApp-2025-01-04-a-las-10.32.11_aa685c03.jpg\" alt=\"\" class=\"wp-image-8024\" srcset=\"https:\/\/www.lartesana.org\/wp-content\/uploads\/2025\/01\/Imagen-de-WhatsApp-2025-01-04-a-las-10.32.11_aa685c03.jpg 2000w, https:\/\/www.lartesana.org\/wp-content\/uploads\/2025\/01\/Imagen-de-WhatsApp-2025-01-04-a-las-10.32.11_aa685c03-1280x960.jpg 1280w, https:\/\/www.lartesana.org\/wp-content\/uploads\/2025\/01\/Imagen-de-WhatsApp-2025-01-04-a-las-10.32.11_aa685c03-980x735.jpg 980w, https:\/\/www.lartesana.org\/wp-content\/uploads\/2025\/01\/Imagen-de-WhatsApp-2025-01-04-a-las-10.32.11_aa685c03-480x360.jpg 480w\" sizes=\"(min-width: 0px) and (max-width: 480px) 480px, (min-width: 481px) and (max-width: 980px) 980px, (min-width: 981px) and (max-width: 1280px) 1280px, (min-width: 1281px) 2000px, 100vw\" \/><\/a><\/figure>\n\n\n\n<figure class=\"wp-block-image size-large\"><a href=\"https:\/\/www.lartesana.org\/wp-content\/uploads\/2025\/01\/Imagen-de-WhatsApp-2025-01-04-a-las-10.32.11_db43ebc7.jpg\"><img loading=\"lazy\" decoding=\"async\" width=\"2000\" height=\"1500\" data-id=\"8025\" src=\"https:\/\/www.lartesana.org\/wp-content\/uploads\/2025\/01\/Imagen-de-WhatsApp-2025-01-04-a-las-10.32.11_db43ebc7.jpg\" alt=\"\" class=\"wp-image-8025\" srcset=\"https:\/\/www.lartesana.org\/wp-content\/uploads\/2025\/01\/Imagen-de-WhatsApp-2025-01-04-a-las-10.32.11_db43ebc7.jpg 2000w, https:\/\/www.lartesana.org\/wp-content\/uploads\/2025\/01\/Imagen-de-WhatsApp-2025-01-04-a-las-10.32.11_db43ebc7-1280x960.jpg 1280w, https:\/\/www.lartesana.org\/wp-content\/uploads\/2025\/01\/Imagen-de-WhatsApp-2025-01-04-a-las-10.32.11_db43ebc7-980x735.jpg 980w, https:\/\/www.lartesana.org\/wp-content\/uploads\/2025\/01\/Imagen-de-WhatsApp-2025-01-04-a-las-10.32.11_db43ebc7-480x360.jpg 480w\" sizes=\"(min-width: 0px) and (max-width: 480px) 480px, (min-width: 481px) and (max-width: 980px) 980px, (min-width: 981px) and (max-width: 1280px) 1280px, (min-width: 1281px) 2000px, 100vw\" \/><\/a><\/figure>\n<\/figure>\n","protected":false},"excerpt":{"rendered":"<p>El pasado viernes 3 de enero, el grupo musical aragon\u00e9s En Clave de Luna, ofreci\u00f3 un magn\u00edfico concierto en el Centro C\u00edvico Delicias de Zaragoza con un prop\u00f3sito que nos llena de orgullo: apoyar a las Sociedades Musicales afectadas por la DANA en Valencia. El evento, que dio comienzo a las 19:00 horas, no solo [&hellip;]<\/p>\n","protected":false},"author":3,"featured_media":0,"comment_status":"closed","ping_status":"closed","sticky":true,"template":"","format":"standard","meta":{"_et_pb_use_builder":"off","_et_pb_old_content":"","_et_gb_content_width":"","footnotes":""},"categories":[42],"tags":[],"class_list":["post-8015","post","type-post","status-publish","format-standard","hentry","category-societat-2-es"],"_links":{"self":[{"href":"https:\/\/www.lartesana.org\/es\/wp-json\/wp\/v2\/posts\/8015","targetHints":{"allow":["GET"]}}],"collection":[{"href":"https:\/\/www.lartesana.org\/es\/wp-json\/wp\/v2\/posts"}],"about":[{"href":"https:\/\/www.lartesana.org\/es\/wp-json\/wp\/v2\/types\/post"}],"author":[{"embeddable":true,"href":"https:\/\/www.lartesana.org\/es\/wp-json\/wp\/v2\/users\/3"}],"replies":[{"embeddable":true,"href":"https:\/\/www.lartesana.org\/es\/wp-json\/wp\/v2\/comments?post=8015"}],"version-history":[{"count":3,"href":"https:\/\/www.lartesana.org\/es\/wp-json\/wp\/v2\/posts\/8015\/revisions"}],"predecessor-version":[{"id":8030,"href":"https:\/\/www.lartesana.org\/es\/wp-json\/wp\/v2\/posts\/8015\/revisions\/8030"}],"wp:attachment":[{"href":"https:\/\/www.lartesana.org\/es\/wp-json\/wp\/v2\/media?parent=8015"}],"wp:term":[{"taxonomy":"category","embeddable":true,"href":"https:\/\/www.lartesana.org\/es\/wp-json\/wp\/v2\/categories?post=8015"},{"taxonomy":"post_tag","embeddable":true,"href":"https:\/\/www.lartesana.org\/es\/wp-json\/wp\/v2\/tags?post=8015"}],"curies":[{"name":"wp","href":"https:\/\/api.w.org\/{rel}","templated":true}]}}