{"id":7999,"date":"2025-01-04T21:45:37","date_gmt":"2025-01-04T20:45:37","guid":{"rendered":"https:\/\/www.lartesana.org\/?p=7999"},"modified":"2025-01-04T21:51:18","modified_gmt":"2025-01-04T20:51:18","slug":"agradecimiento-a-sium-tavernes-de-la-valldigna-y-s-m-la-union-de-sollana","status":"publish","type":"post","link":"https:\/\/www.lartesana.org\/es\/agradecimiento-a-sium-tavernes-de-la-valldigna-y-s-m-la-union-de-sollana\/","title":{"rendered":"Agradecimiento a SIUM Tavernes de la Valldigna y S.M. La Uni\u00f3n de Sollana"},"content":{"rendered":"\n<p>Desde la <strong>Sociedad Musical l&#8217;Artesana de Catarroja<\/strong>, queremos dar las gracias a las <strong>Sociedades Musicales SIUM Tavernes de la Valldigna<\/strong> y Sociedad Musical La Uni\u00f3n de<strong> Sollana<\/strong> por los conciertos solidarios que han realizado en beneficio de nuestra Sociedad para ayudarnos a paliar los da\u00f1os sufridos en nuestras instalaciones como consecuencia de la DANA del pasado d\u00eda 29 de octubre.<\/p>\n\n\n\n<p>Vuestra m\u00fasica, esfuerzo y generosidad no solo han llenado de armon\u00eda y emoci\u00f3n nuestros corazones, sino que tambi\u00e9n han puesto de manifiesto el esp\u00edritu de colaboraci\u00f3n y hermandad que caracteriza a las Sociedades Musicales de nuestra tierra.<\/p>\n\n\n\n<p><strong>\u00a1Muchas gracias de todo coraz\u00f3n!<\/strong><\/p>\n\n\n\n<figure class=\"wp-block-gallery has-nested-images columns-default is-cropped wp-block-gallery-1 is-layout-flex wp-block-gallery-is-layout-flex\">\n<figure class=\"wp-block-image size-large\"><a href=\"https:\/\/www.lartesana.org\/wp-content\/uploads\/2025\/01\/IMG_4310-2.jpg\"><img loading=\"lazy\" decoding=\"async\" width=\"828\" height=\"1047\" data-id=\"8007\" src=\"https:\/\/www.lartesana.org\/wp-content\/uploads\/2025\/01\/IMG_4310-2.jpg\" alt=\"\" class=\"wp-image-8007\" srcset=\"https:\/\/www.lartesana.org\/wp-content\/uploads\/2025\/01\/IMG_4310-2.jpg 828w, https:\/\/www.lartesana.org\/wp-content\/uploads\/2025\/01\/IMG_4310-2-480x607.jpg 480w\" sizes=\"(min-width: 0px) and (max-width: 480px) 480px, (min-width: 481px) 828px, 100vw\" \/><\/a><\/figure>\n\n\n\n<figure class=\"wp-block-image size-large\"><a href=\"https:\/\/www.lartesana.org\/wp-content\/uploads\/2025\/01\/IMG_4311-2.jpg\"><img loading=\"lazy\" decoding=\"async\" width=\"828\" height=\"1095\" data-id=\"8008\" src=\"https:\/\/www.lartesana.org\/wp-content\/uploads\/2025\/01\/IMG_4311-2.jpg\" alt=\"\" class=\"wp-image-8008\" srcset=\"https:\/\/www.lartesana.org\/wp-content\/uploads\/2025\/01\/IMG_4311-2.jpg 828w, https:\/\/www.lartesana.org\/wp-content\/uploads\/2025\/01\/IMG_4311-2-480x635.jpg 480w\" sizes=\"(min-width: 0px) and (max-width: 480px) 480px, (min-width: 481px) 828px, 100vw\" \/><\/a><\/figure>\n\n\n\n<figure class=\"wp-block-image size-large\"><a href=\"https:\/\/www.lartesana.org\/wp-content\/uploads\/2025\/01\/IMG_4312-2.jpg\"><img loading=\"lazy\" decoding=\"async\" width=\"828\" height=\"1070\" data-id=\"8011\" src=\"https:\/\/www.lartesana.org\/wp-content\/uploads\/2025\/01\/IMG_4312-2.jpg\" alt=\"\" class=\"wp-image-8011\" srcset=\"https:\/\/www.lartesana.org\/wp-content\/uploads\/2025\/01\/IMG_4312-2.jpg 828w, https:\/\/www.lartesana.org\/wp-content\/uploads\/2025\/01\/IMG_4312-2-480x620.jpg 480w\" sizes=\"(min-width: 0px) and (max-width: 480px) 480px, (min-width: 481px) 828px, 100vw\" \/><\/a><\/figure>\n<\/figure>\n\n\n\n<p><\/p>\n\n\n\n<p><\/p>\n\n\n\n<figure class=\"wp-block-gallery has-nested-images columns-default is-cropped wp-block-gallery-2 is-layout-flex wp-block-gallery-is-layout-flex\">\n<figure class=\"wp-block-image size-large\"><a href=\"https:\/\/www.lartesana.org\/wp-content\/uploads\/2025\/01\/IMG_4314.jpg\"><img loading=\"lazy\" decoding=\"async\" width=\"818\" height=\"1011\" data-id=\"7996\" src=\"https:\/\/www.lartesana.org\/wp-content\/uploads\/2025\/01\/IMG_4314.jpg\" alt=\"\" class=\"wp-image-7996\" srcset=\"https:\/\/www.lartesana.org\/wp-content\/uploads\/2025\/01\/IMG_4314.jpg 818w, https:\/\/www.lartesana.org\/wp-content\/uploads\/2025\/01\/IMG_4314-480x593.jpg 480w\" sizes=\"(min-width: 0px) and (max-width: 480px) 480px, (min-width: 481px) 818px, 100vw\" \/><\/a><\/figure>\n\n\n\n<figure class=\"wp-block-image size-large\"><a href=\"https:\/\/www.lartesana.org\/wp-content\/uploads\/2025\/01\/IMG_4313.jpg\"><img loading=\"lazy\" decoding=\"async\" width=\"828\" height=\"1050\" data-id=\"7994\" src=\"https:\/\/www.lartesana.org\/wp-content\/uploads\/2025\/01\/IMG_4313.jpg\" alt=\"\" class=\"wp-image-7994\" srcset=\"https:\/\/www.lartesana.org\/wp-content\/uploads\/2025\/01\/IMG_4313.jpg 828w, https:\/\/www.lartesana.org\/wp-content\/uploads\/2025\/01\/IMG_4313-480x609.jpg 480w\" sizes=\"(min-width: 0px) and (max-width: 480px) 480px, (min-width: 481px) 828px, 100vw\" \/><\/a><\/figure>\n<\/figure>\n","protected":false},"excerpt":{"rendered":"<p>Desde la Sociedad Musical l&#8217;Artesana de Catarroja, queremos dar las gracias a las Sociedades Musicales SIUM Tavernes de la Valldigna y Sociedad Musical La Uni\u00f3n de Sollana por los conciertos solidarios que han realizado en beneficio de nuestra Sociedad para ayudarnos a paliar los da\u00f1os sufridos en nuestras instalaciones como consecuencia de la DANA del [&hellip;]<\/p>\n","protected":false},"author":3,"featured_media":0,"comment_status":"closed","ping_status":"closed","sticky":true,"template":"","format":"standard","meta":{"_et_pb_use_builder":"off","_et_pb_old_content":"","_et_gb_content_width":"","footnotes":""},"categories":[42],"tags":[],"class_list":["post-7999","post","type-post","status-publish","format-standard","hentry","category-societat-2-es"],"_links":{"self":[{"href":"https:\/\/www.lartesana.org\/es\/wp-json\/wp\/v2\/posts\/7999","targetHints":{"allow":["GET"]}}],"collection":[{"href":"https:\/\/www.lartesana.org\/es\/wp-json\/wp\/v2\/posts"}],"about":[{"href":"https:\/\/www.lartesana.org\/es\/wp-json\/wp\/v2\/types\/post"}],"author":[{"embeddable":true,"href":"https:\/\/www.lartesana.org\/es\/wp-json\/wp\/v2\/users\/3"}],"replies":[{"embeddable":true,"href":"https:\/\/www.lartesana.org\/es\/wp-json\/wp\/v2\/comments?post=7999"}],"version-history":[{"count":3,"href":"https:\/\/www.lartesana.org\/es\/wp-json\/wp\/v2\/posts\/7999\/revisions"}],"predecessor-version":[{"id":8014,"href":"https:\/\/www.lartesana.org\/es\/wp-json\/wp\/v2\/posts\/7999\/revisions\/8014"}],"wp:attachment":[{"href":"https:\/\/www.lartesana.org\/es\/wp-json\/wp\/v2\/media?parent=7999"}],"wp:term":[{"taxonomy":"category","embeddable":true,"href":"https:\/\/www.lartesana.org\/es\/wp-json\/wp\/v2\/categories?post=7999"},{"taxonomy":"post_tag","embeddable":true,"href":"https:\/\/www.lartesana.org\/es\/wp-json\/wp\/v2\/tags?post=7999"}],"curies":[{"name":"wp","href":"https:\/\/api.w.org\/{rel}","templated":true}]}}