{"id":7969,"date":"2025-01-03T01:32:31","date_gmt":"2025-01-03T00:32:31","guid":{"rendered":"https:\/\/www.lartesana.org\/?p=7969"},"modified":"2025-01-03T01:32:33","modified_gmt":"2025-01-03T00:32:33","slug":"exito-del-concierto-de-navidad-de-la-orquesta-de-lartesana","status":"publish","type":"post","link":"https:\/\/www.lartesana.org\/es\/exito-del-concierto-de-navidad-de-la-orquesta-de-lartesana\/","title":{"rendered":"\u00c9xito del Concierto de Navidad de la Orquesta de l&#8217;Artesana"},"content":{"rendered":"\n<p>El pasado <strong>22 de diciembre de 2022<\/strong> , la Orquesta Sinf\u00f3nica de la Societat Musical l&#8217;Artesana<strong> ofreci\u00f3 su concierto de Navidad en el sal\u00f3n de actos de nuestra sociedad musical<\/strong>.<\/p>\n\n\n\n<p>El p\u00fablico asistente disfrut\u00f3 de una velada musical inolvidable, en la que la orquesta despleg\u00f3 todo su talento y dedicaci\u00f3n bajo la batuta de su nuevo director Albert Gonz\u00e1lvez Card\u00f3s, quien supo imprimir su sello personal en cada interpretaci\u00f3n. La conexi\u00f3n entre el director y los m\u00fasicos qued\u00f3 patente en cada pieza, logrando momentos de gran emoci\u00f3n que cautiv\u00f3 al p\u00fablico asistente.<\/p>\n\n\n\n<p>Desde la Sociedad Musical l&#8217;Artesana, queremos agradecer a todos los asistentes su apoyo constante y dar una c\u00e1lida bienvenida a nuestro nuevo director de la orquesta, cuyo entusiasmo y profesionalidad auguran una etapa llena de \u00e9xitos para nuestra orquesta sinf\u00f3nica.<\/p>\n\n\n\n<figure class=\"wp-block-gallery has-nested-images columns-default is-cropped wp-block-gallery-1 is-layout-flex wp-block-gallery-is-layout-flex\">\n<figure class=\"wp-block-image size-large\"><a href=\"https:\/\/www.lartesana.org\/wp-content\/uploads\/2025\/01\/470669557_1131181875679112_6355002763250837884_n.jpg\"><img loading=\"lazy\" decoding=\"async\" width=\"1131\" height=\"1600\" data-id=\"7977\" src=\"https:\/\/www.lartesana.org\/wp-content\/uploads\/2025\/01\/470669557_1131181875679112_6355002763250837884_n.jpg\" alt=\"\" class=\"wp-image-7977\" srcset=\"https:\/\/www.lartesana.org\/wp-content\/uploads\/2025\/01\/470669557_1131181875679112_6355002763250837884_n.jpg 1131w, https:\/\/www.lartesana.org\/wp-content\/uploads\/2025\/01\/470669557_1131181875679112_6355002763250837884_n-980x1386.jpg 980w, https:\/\/www.lartesana.org\/wp-content\/uploads\/2025\/01\/470669557_1131181875679112_6355002763250837884_n-480x679.jpg 480w\" sizes=\"(min-width: 0px) and (max-width: 480px) 480px, (min-width: 481px) and (max-width: 980px) 980px, (min-width: 981px) 1131px, 100vw\" \/><\/a><\/figure>\n\n\n\n<figure class=\"wp-block-image size-large\"><a href=\"https:\/\/www.lartesana.org\/wp-content\/uploads\/2025\/01\/471229664_1135812508549382_5933090029286575302_n.jpg\"><img loading=\"lazy\" decoding=\"async\" width=\"960\" height=\"640\" data-id=\"7974\" src=\"https:\/\/www.lartesana.org\/wp-content\/uploads\/2025\/01\/471229664_1135812508549382_5933090029286575302_n.jpg\" alt=\"\" class=\"wp-image-7974\" srcset=\"https:\/\/www.lartesana.org\/wp-content\/uploads\/2025\/01\/471229664_1135812508549382_5933090029286575302_n.jpg 960w, https:\/\/www.lartesana.org\/wp-content\/uploads\/2025\/01\/471229664_1135812508549382_5933090029286575302_n-480x320.jpg 480w\" sizes=\"(min-width: 0px) and (max-width: 480px) 480px, (min-width: 481px) 960px, 100vw\" \/><\/a><\/figure>\n\n\n\n<figure class=\"wp-block-image size-large\"><a href=\"https:\/\/www.lartesana.org\/wp-content\/uploads\/2025\/01\/470633522_1135812545216045_2187639376055659275_n-1.jpg\"><img loading=\"lazy\" decoding=\"async\" width=\"960\" height=\"640\" data-id=\"7971\" src=\"https:\/\/www.lartesana.org\/wp-content\/uploads\/2025\/01\/470633522_1135812545216045_2187639376055659275_n-1.jpg\" alt=\"\" class=\"wp-image-7971\" srcset=\"https:\/\/www.lartesana.org\/wp-content\/uploads\/2025\/01\/470633522_1135812545216045_2187639376055659275_n-1.jpg 960w, https:\/\/www.lartesana.org\/wp-content\/uploads\/2025\/01\/470633522_1135812545216045_2187639376055659275_n-1-480x320.jpg 480w\" sizes=\"(min-width: 0px) and (max-width: 480px) 480px, (min-width: 481px) 960px, 100vw\" \/><\/a><\/figure>\n\n\n\n<figure class=\"wp-block-image size-large\"><a href=\"https:\/\/www.lartesana.org\/wp-content\/uploads\/2025\/01\/470671664_1135812675216032_2957498001685146773_n.jpg\"><img loading=\"lazy\" decoding=\"async\" width=\"960\" height=\"640\" data-id=\"7975\" src=\"https:\/\/www.lartesana.org\/wp-content\/uploads\/2025\/01\/470671664_1135812675216032_2957498001685146773_n.jpg\" alt=\"\" class=\"wp-image-7975\" srcset=\"https:\/\/www.lartesana.org\/wp-content\/uploads\/2025\/01\/470671664_1135812675216032_2957498001685146773_n.jpg 960w, https:\/\/www.lartesana.org\/wp-content\/uploads\/2025\/01\/470671664_1135812675216032_2957498001685146773_n-480x320.jpg 480w\" sizes=\"(min-width: 0px) and (max-width: 480px) 480px, (min-width: 481px) 960px, 100vw\" \/><\/a><\/figure>\n\n\n\n<figure class=\"wp-block-image size-large\"><a href=\"https:\/\/www.lartesana.org\/wp-content\/uploads\/2025\/01\/471332125_1135812581882708_3615039409502006851_n.jpg\"><img loading=\"lazy\" decoding=\"async\" width=\"960\" height=\"640\" data-id=\"7973\" src=\"https:\/\/www.lartesana.org\/wp-content\/uploads\/2025\/01\/471332125_1135812581882708_3615039409502006851_n.jpg\" alt=\"\" class=\"wp-image-7973\" srcset=\"https:\/\/www.lartesana.org\/wp-content\/uploads\/2025\/01\/471332125_1135812581882708_3615039409502006851_n.jpg 960w, https:\/\/www.lartesana.org\/wp-content\/uploads\/2025\/01\/471332125_1135812581882708_3615039409502006851_n-480x320.jpg 480w\" sizes=\"(min-width: 0px) and (max-width: 480px) 480px, (min-width: 481px) 960px, 100vw\" \/><\/a><\/figure>\n<\/figure>\n","protected":false},"excerpt":{"rendered":"<p>El pasado 22 de diciembre de 2022 , la Orquesta Sinf\u00f3nica de la Societat Musical l&#8217;Artesana ofreci\u00f3 su concierto de Navidad en el sal\u00f3n de actos de nuestra sociedad musical. El p\u00fablico asistente disfrut\u00f3 de una velada musical inolvidable, en la que la orquesta despleg\u00f3 todo su talento y dedicaci\u00f3n bajo la batuta de su [&hellip;]<\/p>\n","protected":false},"author":3,"featured_media":0,"comment_status":"closed","ping_status":"closed","sticky":true,"template":"","format":"standard","meta":{"_et_pb_use_builder":"off","_et_pb_old_content":"","_et_gb_content_width":"","footnotes":""},"categories":[11],"tags":[],"class_list":["post-7969","post","type-post","status-publish","format-standard","hentry","category-orquestra"],"_links":{"self":[{"href":"https:\/\/www.lartesana.org\/es\/wp-json\/wp\/v2\/posts\/7969","targetHints":{"allow":["GET"]}}],"collection":[{"href":"https:\/\/www.lartesana.org\/es\/wp-json\/wp\/v2\/posts"}],"about":[{"href":"https:\/\/www.lartesana.org\/es\/wp-json\/wp\/v2\/types\/post"}],"author":[{"embeddable":true,"href":"https:\/\/www.lartesana.org\/es\/wp-json\/wp\/v2\/users\/3"}],"replies":[{"embeddable":true,"href":"https:\/\/www.lartesana.org\/es\/wp-json\/wp\/v2\/comments?post=7969"}],"version-history":[{"count":3,"href":"https:\/\/www.lartesana.org\/es\/wp-json\/wp\/v2\/posts\/7969\/revisions"}],"predecessor-version":[{"id":7982,"href":"https:\/\/www.lartesana.org\/es\/wp-json\/wp\/v2\/posts\/7969\/revisions\/7982"}],"wp:attachment":[{"href":"https:\/\/www.lartesana.org\/es\/wp-json\/wp\/v2\/media?parent=7969"}],"wp:term":[{"taxonomy":"category","embeddable":true,"href":"https:\/\/www.lartesana.org\/es\/wp-json\/wp\/v2\/categories?post=7969"},{"taxonomy":"post_tag","embeddable":true,"href":"https:\/\/www.lartesana.org\/es\/wp-json\/wp\/v2\/tags?post=7969"}],"curies":[{"name":"wp","href":"https:\/\/api.w.org\/{rel}","templated":true}]}}