{"id":7741,"date":"2024-10-21T13:28:58","date_gmt":"2024-10-21T11:28:58","guid":{"rendered":"https:\/\/www.lartesana.org\/?p=7741"},"modified":"2024-10-21T13:44:43","modified_gmt":"2024-10-21T11:44:43","slug":"concierto-de-las-bandas-sinfonicas-de-la-sm-lartesana-y-el-cim-de-massanassa","status":"publish","type":"post","link":"https:\/\/www.lartesana.org\/es\/concierto-de-las-bandas-sinfonicas-de-la-sm-lartesana-y-el-cim-de-massanassa\/","title":{"rendered":"Concierto de las Bandas Sinf\u00f3nicas de la SM L&#8217;Artesana y el CIM de Massanassa"},"content":{"rendered":"\n<p><strong>El pasado domingo, 20 de octubre de 2024, tuvo lugar un memorable concierto protagonizado por las bandas sinf\u00f3nicas de la Sociedad Musical L&#8217;Artesana de Catarroja y el Centro Instructivo Musical de Massanassa. El evento, que se celebr\u00f3 en el Auditorio de Massanassa, se enmarc\u00f3 dentro del ciclo Concerts a dos Bandes , una<\/strong><\/p>\n\n\n\n<p><strong>A lo largo de la velada, ambas formaciones ofrecieron un repertorio variado y vibrante, deleitando a un p\u00fablico que llen\u00f3 el auditorio para disfrutar de la m\u00fasica en directo. Fue una ma\u00f1ana de armon\u00eda y virtuosismo en la que las dos bandas mostraron su talento y dedicaci\u00f3n.<\/strong><\/p>\n\n\n\n<p><strong>A continuaci\u00f3n, os dejamos algunas im\u00e1genes del concierto, que reflejan la magia de este encuentro musical. Desde la S.M. L&#8217;Artesana, queremos agradecer al C.I.M. de Massanassa y al Ilmo. Ayuntamiento de Massanassa por su colaboraci\u00f3n, as\u00ed como al p\u00fablico asistente por su c\u00e1lido apoyo.<\/strong><\/p>\n\n\n\n<p><strong>\u00a1Esperamos seguir compartiendo muchos m\u00e1s momentos musicales juntos!<\/strong><\/p>\n\n\n\n<figure class=\"wp-block-image aligncenter size-full is-resized\"><a href=\"https:\/\/www.lartesana.org\/wp-content\/uploads\/2024\/10\/2024-10-BANDA-SINFONICA-CONCERT-A-DOS-BANDES-MASSANASSA-20OCT2024_page-0001-2.jpg\"><img loading=\"lazy\" decoding=\"async\" width=\"1755\" height=\"1241\" src=\"https:\/\/www.lartesana.org\/wp-content\/uploads\/2024\/10\/2024-10-BANDA-SINFONICA-CONCERT-A-DOS-BANDES-MASSANASSA-20OCT2024_page-0001-2.jpg\" alt=\"\" class=\"wp-image-7672\" style=\"width:431px;height:auto\" srcset=\"https:\/\/www.lartesana.org\/wp-content\/uploads\/2024\/10\/2024-10-BANDA-SINFONICA-CONCERT-A-DOS-BANDES-MASSANASSA-20OCT2024_page-0001-2.jpg 1755w, https:\/\/www.lartesana.org\/wp-content\/uploads\/2024\/10\/2024-10-BANDA-SINFONICA-CONCERT-A-DOS-BANDES-MASSANASSA-20OCT2024_page-0001-2-1280x905.jpg 1280w, https:\/\/www.lartesana.org\/wp-content\/uploads\/2024\/10\/2024-10-BANDA-SINFONICA-CONCERT-A-DOS-BANDES-MASSANASSA-20OCT2024_page-0001-2-980x693.jpg 980w, https:\/\/www.lartesana.org\/wp-content\/uploads\/2024\/10\/2024-10-BANDA-SINFONICA-CONCERT-A-DOS-BANDES-MASSANASSA-20OCT2024_page-0001-2-480x339.jpg 480w\" sizes=\"(min-width: 0px) and (max-width: 480px) 480px, (min-width: 481px) and (max-width: 980px) 980px, (min-width: 981px) and (max-width: 1280px) 1280px, (min-width: 1281px) 1755px, 100vw\" \/><\/a><\/figure>\n\n\n\n<figure class=\"wp-block-gallery has-nested-images columns-default is-cropped wp-block-gallery-1 is-layout-flex wp-block-gallery-is-layout-flex\">\n<figure class=\"wp-block-image size-large\"><a href=\"https:\/\/www.youtube.com\/watch?v=ak7wd1lYOhg\"><img loading=\"lazy\" decoding=\"async\" width=\"2000\" height=\"1500\" data-id=\"7739\" src=\"https:\/\/www.lartesana.org\/wp-content\/uploads\/2024\/10\/Imagen-de-WhatsApp-2024-10-20-a-las-16.29.07_ec79fad8-1-2000x1500.jpg\" alt=\"\" class=\"wp-image-7739\" srcset=\"https:\/\/www.lartesana.org\/wp-content\/uploads\/2024\/10\/Imagen-de-WhatsApp-2024-10-20-a-las-16.29.07_ec79fad8-1-2000x1500.jpg 2000w, https:\/\/www.lartesana.org\/wp-content\/uploads\/2024\/10\/Imagen-de-WhatsApp-2024-10-20-a-las-16.29.07_ec79fad8-1-1280x960.jpg 1280w, https:\/\/www.lartesana.org\/wp-content\/uploads\/2024\/10\/Imagen-de-WhatsApp-2024-10-20-a-las-16.29.07_ec79fad8-1-980x735.jpg 980w, https:\/\/www.lartesana.org\/wp-content\/uploads\/2024\/10\/Imagen-de-WhatsApp-2024-10-20-a-las-16.29.07_ec79fad8-1-480x360.jpg 480w\" sizes=\"(min-width: 0px) and (max-width: 480px) 480px, (min-width: 481px) and (max-width: 980px) 980px, (min-width: 981px) and (max-width: 1280px) 1280px, (min-width: 1281px) 2000px, 100vw\" \/><\/a><figcaption class=\"wp-element-caption\">Video del pasodoble Eduardo Cifre<\/figcaption><\/figure>\n\n\n\n<figure class=\"wp-block-image size-large\"><a href=\"https:\/\/www.youtube.com\/shorts\/ESA29NLXbTw\"><img loading=\"lazy\" decoding=\"async\" width=\"2000\" height=\"1333\" data-id=\"7521\" src=\"https:\/\/www.lartesana.org\/wp-content\/uploads\/2024\/09\/460495689_932438832251612_5586411238178309478_n-2000x1333.jpg\" alt=\"\" class=\"wp-image-7521\" srcset=\"https:\/\/www.lartesana.org\/wp-content\/uploads\/2024\/09\/460495689_932438832251612_5586411238178309478_n-2000x1333.jpg 2000w, https:\/\/www.lartesana.org\/wp-content\/uploads\/2024\/09\/460495689_932438832251612_5586411238178309478_n-1280x853.jpg 1280w, https:\/\/www.lartesana.org\/wp-content\/uploads\/2024\/09\/460495689_932438832251612_5586411238178309478_n-980x653.jpg 980w, https:\/\/www.lartesana.org\/wp-content\/uploads\/2024\/09\/460495689_932438832251612_5586411238178309478_n-480x320.jpg 480w\" sizes=\"(min-width: 0px) and (max-width: 480px) 480px, (min-width: 481px) and (max-width: 980px) 980px, (min-width: 981px) and (max-width: 1280px) 1280px, (min-width: 1281px) 2000px, 100vw\" \/><\/a><figcaption class=\"wp-element-caption\">Pasodoble Giraldillo<\/figcaption><\/figure>\n<\/figure>\n\n\n\n<p><\/p>\n\n\n\n<p>Algunas Im\u00e1genes del concierto<\/p>\n\n\n\n<figure class=\"wp-block-gallery has-nested-images columns-default is-cropped wp-block-gallery-2 is-layout-flex wp-block-gallery-is-layout-flex\">\n<figure class=\"wp-block-image size-large\"><a href=\"https:\/\/www.lartesana.org\/wp-content\/uploads\/2024\/10\/Imagen-de-WhatsApp-2024-10-20-a-las-16.29.07_ec79fad8-1.jpg\"><img loading=\"lazy\" decoding=\"async\" width=\"2000\" height=\"1500\" data-id=\"7739\" src=\"https:\/\/www.lartesana.org\/wp-content\/uploads\/2024\/10\/Imagen-de-WhatsApp-2024-10-20-a-las-16.29.07_ec79fad8-1-2000x1500.jpg\" alt=\"\" class=\"wp-image-7739\" srcset=\"https:\/\/www.lartesana.org\/wp-content\/uploads\/2024\/10\/Imagen-de-WhatsApp-2024-10-20-a-las-16.29.07_ec79fad8-1-2000x1500.jpg 2000w, https:\/\/www.lartesana.org\/wp-content\/uploads\/2024\/10\/Imagen-de-WhatsApp-2024-10-20-a-las-16.29.07_ec79fad8-1-1280x960.jpg 1280w, https:\/\/www.lartesana.org\/wp-content\/uploads\/2024\/10\/Imagen-de-WhatsApp-2024-10-20-a-las-16.29.07_ec79fad8-1-980x735.jpg 980w, https:\/\/www.lartesana.org\/wp-content\/uploads\/2024\/10\/Imagen-de-WhatsApp-2024-10-20-a-las-16.29.07_ec79fad8-1-480x360.jpg 480w\" sizes=\"(min-width: 0px) and (max-width: 480px) 480px, (min-width: 481px) and (max-width: 980px) 980px, (min-width: 981px) and (max-width: 1280px) 1280px, (min-width: 1281px) 2000px, 100vw\" \/><\/a><\/figure>\n\n\n\n<figure class=\"wp-block-image size-large\"><a href=\"https:\/\/www.lartesana.org\/wp-content\/uploads\/2024\/10\/Imagen-de-WhatsApp-2024-10-20-a-las-16.29.08_1d260e6f-1.jpg\"><img loading=\"lazy\" decoding=\"async\" width=\"2000\" height=\"1500\" data-id=\"7733\" src=\"https:\/\/www.lartesana.org\/wp-content\/uploads\/2024\/10\/Imagen-de-WhatsApp-2024-10-20-a-las-16.29.08_1d260e6f-1-2000x1500.jpg\" alt=\"\" class=\"wp-image-7733\" srcset=\"https:\/\/www.lartesana.org\/wp-content\/uploads\/2024\/10\/Imagen-de-WhatsApp-2024-10-20-a-las-16.29.08_1d260e6f-1-2000x1500.jpg 2000w, https:\/\/www.lartesana.org\/wp-content\/uploads\/2024\/10\/Imagen-de-WhatsApp-2024-10-20-a-las-16.29.08_1d260e6f-1-1280x960.jpg 1280w, https:\/\/www.lartesana.org\/wp-content\/uploads\/2024\/10\/Imagen-de-WhatsApp-2024-10-20-a-las-16.29.08_1d260e6f-1-980x735.jpg 980w, https:\/\/www.lartesana.org\/wp-content\/uploads\/2024\/10\/Imagen-de-WhatsApp-2024-10-20-a-las-16.29.08_1d260e6f-1-480x360.jpg 480w\" sizes=\"(min-width: 0px) and (max-width: 480px) 480px, (min-width: 481px) and (max-width: 980px) 980px, (min-width: 981px) and (max-width: 1280px) 1280px, (min-width: 1281px) 2000px, 100vw\" \/><\/a><\/figure>\n\n\n\n<figure class=\"wp-block-image size-large\"><a href=\"https:\/\/www.lartesana.org\/wp-content\/uploads\/2024\/10\/Imagen-de-WhatsApp-2024-10-20-a-las-16.29.08_37b5689a-2.jpg\"><img loading=\"lazy\" decoding=\"async\" width=\"1500\" height=\"2000\" data-id=\"7745\" src=\"https:\/\/www.lartesana.org\/wp-content\/uploads\/2024\/10\/Imagen-de-WhatsApp-2024-10-20-a-las-16.29.08_37b5689a-2-1500x2000.jpg\" alt=\"\" class=\"wp-image-7745\" srcset=\"https:\/\/www.lartesana.org\/wp-content\/uploads\/2024\/10\/Imagen-de-WhatsApp-2024-10-20-a-las-16.29.08_37b5689a-2-1500x2000.jpg 1500w, https:\/\/www.lartesana.org\/wp-content\/uploads\/2024\/10\/Imagen-de-WhatsApp-2024-10-20-a-las-16.29.08_37b5689a-2-1280x1707.jpg 1280w, https:\/\/www.lartesana.org\/wp-content\/uploads\/2024\/10\/Imagen-de-WhatsApp-2024-10-20-a-las-16.29.08_37b5689a-2-980x1307.jpg 980w, https:\/\/www.lartesana.org\/wp-content\/uploads\/2024\/10\/Imagen-de-WhatsApp-2024-10-20-a-las-16.29.08_37b5689a-2-480x640.jpg 480w\" sizes=\"(min-width: 0px) and (max-width: 480px) 480px, (min-width: 481px) and (max-width: 980px) 980px, (min-width: 981px) and (max-width: 1280px) 1280px, (min-width: 1281px) 1500px, 100vw\" \/><\/a><\/figure>\n\n\n\n<figure class=\"wp-block-image size-large\"><a href=\"https:\/\/www.lartesana.org\/wp-content\/uploads\/2024\/10\/Imagen-de-WhatsApp-2024-10-20-a-las-17.00.36_a1aa4d32.jpg\"><img loading=\"lazy\" decoding=\"async\" width=\"2000\" height=\"1054\" data-id=\"7731\" src=\"https:\/\/www.lartesana.org\/wp-content\/uploads\/2024\/10\/Imagen-de-WhatsApp-2024-10-20-a-las-17.00.36_a1aa4d32-2000x1054.jpg\" alt=\"\" class=\"wp-image-7731\" srcset=\"https:\/\/www.lartesana.org\/wp-content\/uploads\/2024\/10\/Imagen-de-WhatsApp-2024-10-20-a-las-17.00.36_a1aa4d32-2000x1054.jpg 2000w, https:\/\/www.lartesana.org\/wp-content\/uploads\/2024\/10\/Imagen-de-WhatsApp-2024-10-20-a-las-17.00.36_a1aa4d32-1280x674.jpg 1280w, https:\/\/www.lartesana.org\/wp-content\/uploads\/2024\/10\/Imagen-de-WhatsApp-2024-10-20-a-las-17.00.36_a1aa4d32-980x516.jpg 980w, https:\/\/www.lartesana.org\/wp-content\/uploads\/2024\/10\/Imagen-de-WhatsApp-2024-10-20-a-las-17.00.36_a1aa4d32-480x253.jpg 480w\" sizes=\"(min-width: 0px) and (max-width: 480px) 480px, (min-width: 481px) and (max-width: 980px) 980px, (min-width: 981px) and (max-width: 1280px) 1280px, (min-width: 1281px) 2000px, 100vw\" \/><\/a><\/figure>\n<\/figure>\n\n\n\n<p><\/p>\n\n\n\n<p><\/p>\n","protected":false},"excerpt":{"rendered":"<p>El pasado domingo, 20 de octubre de 2024, tuvo lugar un memorable concierto protagonizado por las bandas sinf\u00f3nicas de la Sociedad Musical L&#8217;Artesana de Catarroja y el Centro Instructivo Musical de Massanassa. El evento, que se celebr\u00f3 en el Auditorio de Massanassa, se enmarc\u00f3 dentro del ciclo Concerts a dos Bandes , una A lo [&hellip;]<\/p>\n","protected":false},"author":3,"featured_media":7721,"comment_status":"closed","ping_status":"closed","sticky":true,"template":"","format":"standard","meta":{"_et_pb_use_builder":"off","_et_pb_old_content":"","_et_gb_content_width":"","footnotes":""},"categories":[9,42],"tags":[],"class_list":["post-7741","post","type-post","status-publish","format-standard","has-post-thumbnail","hentry","category-agrupacions","category-societat-2-es"],"_links":{"self":[{"href":"https:\/\/www.lartesana.org\/es\/wp-json\/wp\/v2\/posts\/7741","targetHints":{"allow":["GET"]}}],"collection":[{"href":"https:\/\/www.lartesana.org\/es\/wp-json\/wp\/v2\/posts"}],"about":[{"href":"https:\/\/www.lartesana.org\/es\/wp-json\/wp\/v2\/types\/post"}],"author":[{"embeddable":true,"href":"https:\/\/www.lartesana.org\/es\/wp-json\/wp\/v2\/users\/3"}],"replies":[{"embeddable":true,"href":"https:\/\/www.lartesana.org\/es\/wp-json\/wp\/v2\/comments?post=7741"}],"version-history":[{"count":4,"href":"https:\/\/www.lartesana.org\/es\/wp-json\/wp\/v2\/posts\/7741\/revisions"}],"predecessor-version":[{"id":7747,"href":"https:\/\/www.lartesana.org\/es\/wp-json\/wp\/v2\/posts\/7741\/revisions\/7747"}],"wp:featuredmedia":[{"embeddable":true,"href":"https:\/\/www.lartesana.org\/es\/wp-json\/wp\/v2\/media\/7721"}],"wp:attachment":[{"href":"https:\/\/www.lartesana.org\/es\/wp-json\/wp\/v2\/media?parent=7741"}],"wp:term":[{"taxonomy":"category","embeddable":true,"href":"https:\/\/www.lartesana.org\/es\/wp-json\/wp\/v2\/categories?post=7741"},{"taxonomy":"post_tag","embeddable":true,"href":"https:\/\/www.lartesana.org\/es\/wp-json\/wp\/v2\/tags?post=7741"}],"curies":[{"name":"wp","href":"https:\/\/api.w.org\/{rel}","templated":true}]}}