{"id":7653,"date":"2024-10-07T15:31:42","date_gmt":"2024-10-07T13:31:42","guid":{"rendered":"https:\/\/www.lartesana.org\/?p=7653"},"modified":"2024-10-12T13:41:04","modified_gmt":"2024-10-12T11:41:04","slug":"concierto-s-m-lartesana-cim-de-massanassa","status":"publish","type":"post","link":"https:\/\/www.lartesana.org\/es\/concierto-s-m-lartesana-cim-de-massanassa\/","title":{"rendered":"Concierto S M L&#8217;Artesana &amp; CIM de Massanassa"},"content":{"rendered":"\n<p><strong>El pr\u00f3ximo domingo, dia 20 de octubre de 2024, nuestra Banda Sinf\u00f3nica participar\u00e1 en un concierto junto con la Banda Sinf\u00f3nica del C.I.M. De Massanasa.<\/strong><\/p>\n\n\n\n<p><strong>Dicho concierto se enmarca dentro del programa Concerts a dos Bandes organizado por la Excma. Diputaci\u00f3n de Valencia y tendr\u00e1 lugar a las 11:30 horas en el Auditorio de Massanasa.<\/strong><\/p>\n\n\n\n<p><strong>Os esperamos en este evento.<\/strong><\/p>\n\n\n\n<figure class=\"wp-block-image aligncenter size-full is-resized\"><a href=\"https:\/\/www.lartesana.org\/wp-content\/uploads\/2024\/09\/460642562_932439068918255_2287931768432753088_n.jpg\"><img loading=\"lazy\" decoding=\"async\" width=\"2048\" height=\"1365\" src=\"https:\/\/www.lartesana.org\/wp-content\/uploads\/2024\/09\/460642562_932439068918255_2287931768432753088_n.jpg\" alt=\"\" class=\"wp-image-7510\" style=\"width:461px;height:auto\" srcset=\"https:\/\/www.lartesana.org\/wp-content\/uploads\/2024\/09\/460642562_932439068918255_2287931768432753088_n.jpg 2048w, https:\/\/www.lartesana.org\/wp-content\/uploads\/2024\/09\/460642562_932439068918255_2287931768432753088_n-1280x853.jpg 1280w, https:\/\/www.lartesana.org\/wp-content\/uploads\/2024\/09\/460642562_932439068918255_2287931768432753088_n-980x653.jpg 980w, https:\/\/www.lartesana.org\/wp-content\/uploads\/2024\/09\/460642562_932439068918255_2287931768432753088_n-480x320.jpg 480w\" sizes=\"(min-width: 0px) and (max-width: 480px) 480px, (min-width: 481px) and (max-width: 980px) 980px, (min-width: 981px) and (max-width: 1280px) 1280px, (min-width: 1281px) 2048px, 100vw\" \/><\/a><\/figure>\n","protected":false},"excerpt":{"rendered":"<p>El pr\u00f3ximo domingo, dia 20 de octubre de 2024, nuestra Banda Sinf\u00f3nica participar\u00e1 en un concierto junto con la Banda Sinf\u00f3nica del C.I.M. De Massanasa. Dicho concierto se enmarca dentro del programa Concerts a dos Bandes organizado por la Excma. Diputaci\u00f3n de Valencia y tendr\u00e1 lugar a las 11:30 horas en el Auditorio de Massanasa. [&hellip;]<\/p>\n","protected":false},"author":3,"featured_media":7672,"comment_status":"closed","ping_status":"closed","sticky":true,"template":"","format":"standard","meta":{"_et_pb_use_builder":"off","_et_pb_old_content":"","_et_gb_content_width":"","footnotes":""},"categories":[9,10,42],"tags":[],"class_list":["post-7653","post","type-post","status-publish","format-standard","has-post-thumbnail","hentry","category-agrupacions","category-banda-sinfonica","category-societat-2-es"],"_links":{"self":[{"href":"https:\/\/www.lartesana.org\/es\/wp-json\/wp\/v2\/posts\/7653","targetHints":{"allow":["GET"]}}],"collection":[{"href":"https:\/\/www.lartesana.org\/es\/wp-json\/wp\/v2\/posts"}],"about":[{"href":"https:\/\/www.lartesana.org\/es\/wp-json\/wp\/v2\/types\/post"}],"author":[{"embeddable":true,"href":"https:\/\/www.lartesana.org\/es\/wp-json\/wp\/v2\/users\/3"}],"replies":[{"embeddable":true,"href":"https:\/\/www.lartesana.org\/es\/wp-json\/wp\/v2\/comments?post=7653"}],"version-history":[{"count":4,"href":"https:\/\/www.lartesana.org\/es\/wp-json\/wp\/v2\/posts\/7653\/revisions"}],"predecessor-version":[{"id":7680,"href":"https:\/\/www.lartesana.org\/es\/wp-json\/wp\/v2\/posts\/7653\/revisions\/7680"}],"wp:featuredmedia":[{"embeddable":true,"href":"https:\/\/www.lartesana.org\/es\/wp-json\/wp\/v2\/media\/7672"}],"wp:attachment":[{"href":"https:\/\/www.lartesana.org\/es\/wp-json\/wp\/v2\/media?parent=7653"}],"wp:term":[{"taxonomy":"category","embeddable":true,"href":"https:\/\/www.lartesana.org\/es\/wp-json\/wp\/v2\/categories?post=7653"},{"taxonomy":"post_tag","embeddable":true,"href":"https:\/\/www.lartesana.org\/es\/wp-json\/wp\/v2\/tags?post=7653"}],"curies":[{"name":"wp","href":"https:\/\/api.w.org\/{rel}","templated":true}]}}