{"id":7389,"date":"2024-09-12T14:23:49","date_gmt":"2024-09-12T12:23:49","guid":{"rendered":"https:\/\/www.lartesana.org\/?p=7389"},"modified":"2024-09-12T14:23:51","modified_gmt":"2024-09-12T12:23:51","slug":"concentracion-de-bandas-juveniles","status":"publish","type":"post","link":"https:\/\/www.lartesana.org\/es\/concentracion-de-bandas-juveniles\/","title":{"rendered":"Concentraci\u00f3n de Bandas Juveniles"},"content":{"rendered":"\n<p><strong>El pasado domingo d\u00eda 8 de septiembre, nuestra Banda Jove Mestre Tar\u00edn estuvo en Valencia en la concentraci\u00f3n de bandas juveniles organizada por la Generalitat Valenciana en colaboraci\u00f3n con la Federaci\u00f3n de Sociedades Musicales de la Comunitat (FSMCV) con motivo de reivindicar la recuperaci\u00f3n de la asignatura de m\u00fasica en tercero de la ESO.<\/strong><\/p>\n\n\n\n<p><strong>No olvidemos que la m\u00fasica es esencia pura y se\u00f1a de identidad de la cultura de la Comunitat Valenciana.<\/strong><\/p>\n\n\n\n<p><strong>La concentraci\u00f3n de bandas se llev\u00f3 a cabo simult\u00e1neamente en Alicante, Valencia, Castell\u00f3n y Elche con la participaci\u00f3n de m\u00e1s de 1.500 m\u00fasicos, que interpretaron al un\u00edsono cl\u00e1sicos como \u201cFiesta en Benidorm\u201d, de Rafael Dom\u00e9nech; \u201cAmparito Roca\u201d, de Jaime Texidor o \u201cX\u00e0bia\u201d, de Salvador Salv\u00e0, entre otros.<\/strong><\/p>\n\n\n\n<p>Clica <a href=\"https:\/\/www.facebook.com\/escolademusicalartesana\/videos\/482073991335008\">aqu\u00ed<\/a> para ver un video sobre el evento <\/p>\n\n\n\n<figure class=\"wp-block-image alignleft size-large is-resized\"><img loading=\"lazy\" decoding=\"async\" width=\"2000\" height=\"1500\" src=\"https:\/\/www.lartesana.org\/wp-content\/uploads\/2024\/09\/concentra-bandes-ju2024-09-08-a-las-20.49.12_2cf54c0a-2000x1500.jpg\" alt=\"\" class=\"wp-image-7390\" style=\"width:413px;height:auto\" srcset=\"https:\/\/www.lartesana.org\/wp-content\/uploads\/2024\/09\/concentra-bandes-ju2024-09-08-a-las-20.49.12_2cf54c0a-2000x1500.jpg 2000w, https:\/\/www.lartesana.org\/wp-content\/uploads\/2024\/09\/concentra-bandes-ju2024-09-08-a-las-20.49.12_2cf54c0a-1280x960.jpg 1280w, https:\/\/www.lartesana.org\/wp-content\/uploads\/2024\/09\/concentra-bandes-ju2024-09-08-a-las-20.49.12_2cf54c0a-980x735.jpg 980w, https:\/\/www.lartesana.org\/wp-content\/uploads\/2024\/09\/concentra-bandes-ju2024-09-08-a-las-20.49.12_2cf54c0a-480x360.jpg 480w\" sizes=\"(min-width: 0px) and (max-width: 480px) 480px, (min-width: 481px) and (max-width: 980px) 980px, (min-width: 981px) and (max-width: 1280px) 1280px, (min-width: 1281px) 2000px, 100vw\" \/><figcaption class=\"wp-element-caption\">Algunos m\u00fasicos de nuestra Banda Jove Merstre Tar\u00edn<\/figcaption><\/figure>\n\n\n\n<figure class=\"wp-block-image alignright size-large is-resized\"><img loading=\"lazy\" decoding=\"async\" width=\"2000\" height=\"1500\" src=\"https:\/\/www.lartesana.org\/wp-content\/uploads\/2024\/09\/concentra-bandes-ju-2-Imagen-de-WhatsApp-2024-09-08-a-las-20.52.49_9c6a5ee5-2000x1500.jpg\" alt=\"\" class=\"wp-image-7392\" style=\"width:416px;height:auto\" srcset=\"https:\/\/www.lartesana.org\/wp-content\/uploads\/2024\/09\/concentra-bandes-ju-2-Imagen-de-WhatsApp-2024-09-08-a-las-20.52.49_9c6a5ee5-2000x1500.jpg 2000w, https:\/\/www.lartesana.org\/wp-content\/uploads\/2024\/09\/concentra-bandes-ju-2-Imagen-de-WhatsApp-2024-09-08-a-las-20.52.49_9c6a5ee5-1280x960.jpg 1280w, https:\/\/www.lartesana.org\/wp-content\/uploads\/2024\/09\/concentra-bandes-ju-2-Imagen-de-WhatsApp-2024-09-08-a-las-20.52.49_9c6a5ee5-980x735.jpg 980w, https:\/\/www.lartesana.org\/wp-content\/uploads\/2024\/09\/concentra-bandes-ju-2-Imagen-de-WhatsApp-2024-09-08-a-las-20.52.49_9c6a5ee5-480x360.jpg 480w\" sizes=\"(min-width: 0px) and (max-width: 480px) 480px, (min-width: 481px) and (max-width: 980px) 980px, (min-width: 981px) and (max-width: 1280px) 1280px, (min-width: 1281px) 2000px, 100vw\" \/><\/figure>\n","protected":false},"excerpt":{"rendered":"<p>El pasado domingo d\u00eda 8 de septiembre, nuestra Banda Jove Mestre Tar\u00edn estuvo en Valencia en la concentraci\u00f3n de bandas juveniles organizada por la Generalitat Valenciana en colaboraci\u00f3n con la Federaci\u00f3n de Sociedades Musicales de la Comunitat (FSMCV) con motivo de reivindicar la recuperaci\u00f3n de la asignatura de m\u00fasica en tercero de la ESO. No [&hellip;]<\/p>\n","protected":false},"author":3,"featured_media":0,"comment_status":"closed","ping_status":"closed","sticky":true,"template":"","format":"standard","meta":{"_et_pb_use_builder":"off","_et_pb_old_content":"","_et_gb_content_width":"","footnotes":""},"categories":[29,8,1],"tags":[],"class_list":["post-7389","post","type-post","status-publish","format-standard","hentry","category-banda-juvenil-2","category-escola","category-sin-categorizar"],"_links":{"self":[{"href":"https:\/\/www.lartesana.org\/es\/wp-json\/wp\/v2\/posts\/7389","targetHints":{"allow":["GET"]}}],"collection":[{"href":"https:\/\/www.lartesana.org\/es\/wp-json\/wp\/v2\/posts"}],"about":[{"href":"https:\/\/www.lartesana.org\/es\/wp-json\/wp\/v2\/types\/post"}],"author":[{"embeddable":true,"href":"https:\/\/www.lartesana.org\/es\/wp-json\/wp\/v2\/users\/3"}],"replies":[{"embeddable":true,"href":"https:\/\/www.lartesana.org\/es\/wp-json\/wp\/v2\/comments?post=7389"}],"version-history":[{"count":2,"href":"https:\/\/www.lartesana.org\/es\/wp-json\/wp\/v2\/posts\/7389\/revisions"}],"predecessor-version":[{"id":7395,"href":"https:\/\/www.lartesana.org\/es\/wp-json\/wp\/v2\/posts\/7389\/revisions\/7395"}],"wp:attachment":[{"href":"https:\/\/www.lartesana.org\/es\/wp-json\/wp\/v2\/media?parent=7389"}],"wp:term":[{"taxonomy":"category","embeddable":true,"href":"https:\/\/www.lartesana.org\/es\/wp-json\/wp\/v2\/categories?post=7389"},{"taxonomy":"post_tag","embeddable":true,"href":"https:\/\/www.lartesana.org\/es\/wp-json\/wp\/v2\/tags?post=7389"}],"curies":[{"name":"wp","href":"https:\/\/api.w.org\/{rel}","templated":true}]}}