{"id":7233,"date":"2024-06-26T17:54:44","date_gmt":"2024-06-26T15:54:44","guid":{"rendered":"https:\/\/www.lartesana.org\/?p=7233"},"modified":"2024-06-26T17:54:46","modified_gmt":"2024-06-26T15:54:46","slug":"concierto-de-la-banda-sinfonica-en-albal","status":"publish","type":"post","link":"https:\/\/www.lartesana.org\/es\/concierto-de-la-banda-sinfonica-en-albal\/","title":{"rendered":"Concierto de la Banda Sinf\u00f3nica en Albal"},"content":{"rendered":"\n<p>El pr\u00f3ximo s\u00e1bado 13 de julio de 2024, a las 22:30 horas, nuestra Banda Sinf\u00f3nica tendr\u00e1 el honor de participar junto a la Banda Sinf\u00f3nica de la Societat Juventut Musical Albal en el XLII Festival de Bandas de M\u00fasica de Santa Ana de Albal. Este concierto se enmarca dentro de los actos de las fiestas patronales de Albal y se llevar\u00e1 a cabo en la emblem\u00e1tica plaza de la Constituci\u00f3n de esta localidad.<\/p>\n\n\n\n<p>Antes del concierto, se realizar\u00e1 una entrada de bandas en la que desfilar\u00e1n ambas bandas participantes. La entrada de bandas comenzar\u00e1 a las 22:00 horas desde el CEIP Juan Esteve y recorrer\u00e1 las calles de Albal hasta llegar a la plaza de la Constituci\u00f3n, donde se llevar\u00e1 a cabo el concierto.<\/p>\n\n\n\n<p>Invitamos a todos los vecinos y visitantes a disfrutar de este evento musical \u00fanico, que promete ser una velada inolvidable llena de buena m\u00fasica y celebraci\u00f3n de las fiestas patronales en honor a Santa Ana.<\/p>\n\n\n\n<p>\u00a1Os esperamos!<\/p>\n\n\n\n<figure class=\"wp-block-image aligncenter size-large is-resized\"><a href=\"https:\/\/www.lartesana.org\/wp-content\/uploads\/2024\/06\/foto-concerts-ala-fresca-1.jpg\"><img loading=\"lazy\" decoding=\"async\" width=\"1414\" height=\"2000\" src=\"https:\/\/www.lartesana.org\/wp-content\/uploads\/2024\/06\/foto-concerts-ala-fresca-1-1414x2000.jpg\" alt=\"\" class=\"wp-image-7229\" style=\"width:346px;height:auto\" srcset=\"https:\/\/www.lartesana.org\/wp-content\/uploads\/2024\/06\/foto-concerts-ala-fresca-1-1414x2000.jpg 1414w, https:\/\/www.lartesana.org\/wp-content\/uploads\/2024\/06\/foto-concerts-ala-fresca-1-1280x1810.jpg 1280w, https:\/\/www.lartesana.org\/wp-content\/uploads\/2024\/06\/foto-concerts-ala-fresca-1-980x1386.jpg 980w, https:\/\/www.lartesana.org\/wp-content\/uploads\/2024\/06\/foto-concerts-ala-fresca-1-480x679.jpg 480w\" sizes=\"(min-width: 0px) and (max-width: 480px) 480px, (min-width: 481px) and (max-width: 980px) 980px, (min-width: 981px) and (max-width: 1280px) 1280px, (min-width: 1281px) 1414px, 100vw\" \/><\/a><\/figure>\n","protected":false},"excerpt":{"rendered":"<p>El pr\u00f3ximo s\u00e1bado 13 de julio de 2024, a las 22:30 horas, nuestra Banda Sinf\u00f3nica tendr\u00e1 el honor de participar junto a la Banda Sinf\u00f3nica de la Societat Juventut Musical Albal en el XLII Festival de Bandas de M\u00fasica de Santa Ana de Albal. Este concierto se enmarca dentro de los actos de las fiestas [&hellip;]<\/p>\n","protected":false},"author":3,"featured_media":7251,"comment_status":"closed","ping_status":"closed","sticky":true,"template":"","format":"standard","meta":{"_et_pb_use_builder":"off","_et_pb_old_content":"","_et_gb_content_width":"","footnotes":""},"categories":[9,10,1],"tags":[],"class_list":["post-7233","post","type-post","status-publish","format-standard","has-post-thumbnail","hentry","category-agrupacions","category-banda-sinfonica","category-sin-categorizar"],"_links":{"self":[{"href":"https:\/\/www.lartesana.org\/es\/wp-json\/wp\/v2\/posts\/7233","targetHints":{"allow":["GET"]}}],"collection":[{"href":"https:\/\/www.lartesana.org\/es\/wp-json\/wp\/v2\/posts"}],"about":[{"href":"https:\/\/www.lartesana.org\/es\/wp-json\/wp\/v2\/types\/post"}],"author":[{"embeddable":true,"href":"https:\/\/www.lartesana.org\/es\/wp-json\/wp\/v2\/users\/3"}],"replies":[{"embeddable":true,"href":"https:\/\/www.lartesana.org\/es\/wp-json\/wp\/v2\/comments?post=7233"}],"version-history":[{"count":3,"href":"https:\/\/www.lartesana.org\/es\/wp-json\/wp\/v2\/posts\/7233\/revisions"}],"predecessor-version":[{"id":7253,"href":"https:\/\/www.lartesana.org\/es\/wp-json\/wp\/v2\/posts\/7233\/revisions\/7253"}],"wp:featuredmedia":[{"embeddable":true,"href":"https:\/\/www.lartesana.org\/es\/wp-json\/wp\/v2\/media\/7251"}],"wp:attachment":[{"href":"https:\/\/www.lartesana.org\/es\/wp-json\/wp\/v2\/media?parent=7233"}],"wp:term":[{"taxonomy":"category","embeddable":true,"href":"https:\/\/www.lartesana.org\/es\/wp-json\/wp\/v2\/categories?post=7233"},{"taxonomy":"post_tag","embeddable":true,"href":"https:\/\/www.lartesana.org\/es\/wp-json\/wp\/v2\/tags?post=7233"}],"curies":[{"name":"wp","href":"https:\/\/api.w.org\/{rel}","templated":true}]}}