{"id":7150,"date":"2024-06-17T16:18:53","date_gmt":"2024-06-17T14:18:53","guid":{"rendered":"https:\/\/www.lartesana.org\/?p=7150"},"modified":"2024-06-17T20:25:43","modified_gmt":"2024-06-17T18:25:43","slug":"vuelven-los-ensayos-al-fresco","status":"publish","type":"post","link":"https:\/\/www.lartesana.org\/es\/vuelven-los-ensayos-al-fresco\/","title":{"rendered":"Vuelven los ensayos al fresco."},"content":{"rendered":"\n<p><strong>C<\/strong><strong>on la llegada del calor veraniego, nuestra banda vuelve a realizar los ensayos al fresco en la Plaza Mayor. Queremos invitar a todo el vecindario a que asista y disfrute de estos momentos musicales con nosotros.<\/strong><\/p>\n\n\n\n<p>La Plaza Mayor se convierte nuevamente en el escenario perfecto para que nuestros ensayos sean una experiencia \u00fanica al aire libre. Ya seas un amante de la m\u00fasica o simplemente quieras pasar un buen rato, te garantizamos que disfrutar\u00e1s de cada uno.<\/p>\n\n\n\n<p>\u00a1No te pierdas esta oportunidad de vivir la m\u00fasica en su m\u00e1xima expresi\u00f3n bajo el cielo veraniego!<\/p>\n\n\n\n<p><\/p>\n\n\n\n<figure class=\"wp-block-image aligncenter size-full is-resized\"><img loading=\"lazy\" decoding=\"async\" width=\"1132\" height=\"1600\" src=\"https:\/\/www.lartesana.org\/wp-content\/uploads\/2024\/06\/CONCERTS-A-LA-FRESCA-2024.jpg\" alt=\"\" class=\"wp-image-7145\" style=\"width:331px;height:auto\" srcset=\"https:\/\/www.lartesana.org\/wp-content\/uploads\/2024\/06\/CONCERTS-A-LA-FRESCA-2024.jpg 1132w, https:\/\/www.lartesana.org\/wp-content\/uploads\/2024\/06\/CONCERTS-A-LA-FRESCA-2024-980x1385.jpg 980w, https:\/\/www.lartesana.org\/wp-content\/uploads\/2024\/06\/CONCERTS-A-LA-FRESCA-2024-480x678.jpg 480w\" sizes=\"(min-width: 0px) and (max-width: 480px) 480px, (min-width: 481px) and (max-width: 980px) 980px, (min-width: 981px) 1132px, 100vw\" \/><\/figure>\n","protected":false},"excerpt":{"rendered":"<p>Con la llegada del calor veraniego, nuestra banda vuelve a realizar los ensayos al fresco en la Plaza Mayor. Queremos invitar a todo el vecindario a que asista y disfrute de estos momentos musicales con nosotros. La Plaza Mayor se convierte nuevamente en el escenario perfecto para que nuestros ensayos sean una experiencia \u00fanica al [&hellip;]<\/p>\n","protected":false},"author":3,"featured_media":7147,"comment_status":"closed","ping_status":"closed","sticky":true,"template":"","format":"standard","meta":{"_et_pb_use_builder":"off","_et_pb_old_content":"","_et_gb_content_width":"","footnotes":""},"categories":[42],"tags":[],"class_list":["post-7150","post","type-post","status-publish","format-standard","has-post-thumbnail","hentry","category-societat-2-es"],"_links":{"self":[{"href":"https:\/\/www.lartesana.org\/es\/wp-json\/wp\/v2\/posts\/7150","targetHints":{"allow":["GET"]}}],"collection":[{"href":"https:\/\/www.lartesana.org\/es\/wp-json\/wp\/v2\/posts"}],"about":[{"href":"https:\/\/www.lartesana.org\/es\/wp-json\/wp\/v2\/types\/post"}],"author":[{"embeddable":true,"href":"https:\/\/www.lartesana.org\/es\/wp-json\/wp\/v2\/users\/3"}],"replies":[{"embeddable":true,"href":"https:\/\/www.lartesana.org\/es\/wp-json\/wp\/v2\/comments?post=7150"}],"version-history":[{"count":5,"href":"https:\/\/www.lartesana.org\/es\/wp-json\/wp\/v2\/posts\/7150\/revisions"}],"predecessor-version":[{"id":7156,"href":"https:\/\/www.lartesana.org\/es\/wp-json\/wp\/v2\/posts\/7150\/revisions\/7156"}],"wp:featuredmedia":[{"embeddable":true,"href":"https:\/\/www.lartesana.org\/es\/wp-json\/wp\/v2\/media\/7147"}],"wp:attachment":[{"href":"https:\/\/www.lartesana.org\/es\/wp-json\/wp\/v2\/media?parent=7150"}],"wp:term":[{"taxonomy":"category","embeddable":true,"href":"https:\/\/www.lartesana.org\/es\/wp-json\/wp\/v2\/categories?post=7150"},{"taxonomy":"post_tag","embeddable":true,"href":"https:\/\/www.lartesana.org\/es\/wp-json\/wp\/v2\/tags?post=7150"}],"curies":[{"name":"wp","href":"https:\/\/api.w.org\/{rel}","templated":true}]}}