{"id":6382,"date":"2024-06-04T13:14:22","date_gmt":"2024-06-04T11:14:22","guid":{"rendered":"https:\/\/www.lartesana.org\/?p=6382"},"modified":"2024-06-08T17:53:20","modified_gmt":"2024-06-08T15:53:20","slug":"concierto-de-la-orquesta-snfonica","status":"publish","type":"post","link":"https:\/\/www.lartesana.org\/es\/concierto-de-la-orquesta-snfonica\/","title":{"rendered":"Concierto de la Orquesta Sinf\u00f3nica"},"content":{"rendered":"\n<p>Nos complace anunciarles que el pr\u00f3ximo domingo d\u00eda 9 de junio, a las 12:00 a m, nuestra Orquesta Sinf\u00f3nica ofrecer\u00e1 un concierto especial en el Auditorio de Catarroja. Este evento promete deleitar a los asistentes con un repertorio selecto de obras maestras de los compositores Johann Sebastian Bach, Antonio Vivaldi, Wolfgang Amadeus Mozart, Marc-Antoine Charpentier y Jean-Philippe Rameau.<\/p>\n\n\n\n<p>El concierto es una oportunidad \u00fanica para disfrutar de la m\u00fasica cl\u00e1sica en vivo, interpretada por una de las orquestas m\u00e1s prestigiosas de la regi\u00f3n. Los asistentes podr\u00e1n escuchar una selecci\u00f3n de piezas que abarcan desde el periodo barroco hasta el clasicismo, mostrando la evoluci\u00f3n y la riqueza de la m\u00fasica europea.<\/p>\n\n\n\n<p>La entrada al concierto ser\u00e1 gratuita hasta completar el aforo, as\u00ed que se recomienda a los interesados llegar con antelaci\u00f3n para asegurar su lugar. No pierdas la oportunidad de disfrutar de una ma\u00f1ana llena de m\u00fasica y emoci\u00f3n.<\/p>\n\n\n\n<p><strong>Fecha<\/strong>: 9 de junio<br><strong>Hora<\/strong>: 12:00 am<br><strong>Lugar<\/strong>: Teatre Auditori de Catarroja TAC<br><strong>Entrada<\/strong>: Gratuita hasta completar aforo<\/p>\n\n\n\n<p>\u00a1Esperamos contar con su presencia en este evento musical extraordinario!<\/p>\n\n\n\n<p><a href=\"https:\/\/www.facebook.com\/hashtag\/fentartesana?__eep__=6&amp;__cft__[0]=AZWfqib1qyDG1OnZvodZc7tSe1T6hUhwcUMrB5AACiVxthtsWTt_JJ6xzXxUkwPnA1szzIexZ95M5IfBrDdSVRwEVRvaH5kAABlpKm3dQnXhCnYJag_Gq5NMpYBmsHZonPCNlbhi0epcOS_tTG9P_xwX6UMBYYnLk76HPUGhRf-smNOL5VZRdeZ8n64UD5bkHq4&amp;__tn__=*NK-R\"><u>#FentArtesana<\/u><\/a> <img loading=\"lazy\" decoding=\"async\" src=\"https:\/\/static.xx.fbcdn.net\/images\/emoji.php\/v9\/t96\/1\/16\/1f49c.png\" width=\"16\" height=\"16\"><\/p>\n\n\n\n<h3 class=\"wp-block-heading\"><br><\/h3>\n\n\n\n<p><\/p>\n\n\n\n<h3 class=\"wp-block-heading\">Programa del concierto:<\/h3>\n\n\n\n<figure class=\"wp-block-image size-full\"><img loading=\"lazy\" decoding=\"async\" width=\"1755\" height=\"1241\" src=\"https:\/\/www.lartesana.org\/wp-content\/uploads\/2024\/06\/2024-06-orquestra-09juny2024_page-0001.jpg\" alt=\"\" class=\"wp-image-6380\" srcset=\"https:\/\/www.lartesana.org\/wp-content\/uploads\/2024\/06\/2024-06-orquestra-09juny2024_page-0001.jpg 1755w, https:\/\/www.lartesana.org\/wp-content\/uploads\/2024\/06\/2024-06-orquestra-09juny2024_page-0001-1280x905.jpg 1280w, https:\/\/www.lartesana.org\/wp-content\/uploads\/2024\/06\/2024-06-orquestra-09juny2024_page-0001-980x693.jpg 980w, https:\/\/www.lartesana.org\/wp-content\/uploads\/2024\/06\/2024-06-orquestra-09juny2024_page-0001-480x339.jpg 480w\" sizes=\"(min-width: 0px) and (max-width: 480px) 480px, (min-width: 481px) and (max-width: 980px) 980px, (min-width: 981px) and (max-width: 1280px) 1280px, (min-width: 1281px) 1755px, 100vw\" \/><figcaption class=\"wp-element-caption\">Programa del concierto<\/figcaption><\/figure>\n","protected":false},"excerpt":{"rendered":"<p>Nos complace anunciarles que el pr\u00f3ximo domingo d\u00eda 9 de junio, a las 12:00 a m, nuestra Orquesta Sinf\u00f3nica ofrecer\u00e1 un concierto especial en el Auditorio de Catarroja. Este evento promete deleitar a los asistentes con un repertorio selecto de obras maestras de los compositores Johann Sebastian Bach, Antonio Vivaldi, Wolfgang Amadeus Mozart, Marc-Antoine Charpentier [&hellip;]<\/p>\n","protected":false},"author":3,"featured_media":6377,"comment_status":"closed","ping_status":"closed","sticky":true,"template":"","format":"standard","meta":{"_et_pb_use_builder":"off","_et_pb_old_content":"","_et_gb_content_width":"","footnotes":""},"categories":[9,11],"tags":[],"class_list":["post-6382","post","type-post","status-publish","format-standard","has-post-thumbnail","hentry","category-agrupacions","category-orquestra"],"_links":{"self":[{"href":"https:\/\/www.lartesana.org\/es\/wp-json\/wp\/v2\/posts\/6382","targetHints":{"allow":["GET"]}}],"collection":[{"href":"https:\/\/www.lartesana.org\/es\/wp-json\/wp\/v2\/posts"}],"about":[{"href":"https:\/\/www.lartesana.org\/es\/wp-json\/wp\/v2\/types\/post"}],"author":[{"embeddable":true,"href":"https:\/\/www.lartesana.org\/es\/wp-json\/wp\/v2\/users\/3"}],"replies":[{"embeddable":true,"href":"https:\/\/www.lartesana.org\/es\/wp-json\/wp\/v2\/comments?post=6382"}],"version-history":[{"count":4,"href":"https:\/\/www.lartesana.org\/es\/wp-json\/wp\/v2\/posts\/6382\/revisions"}],"predecessor-version":[{"id":6386,"href":"https:\/\/www.lartesana.org\/es\/wp-json\/wp\/v2\/posts\/6382\/revisions\/6386"}],"wp:featuredmedia":[{"embeddable":true,"href":"https:\/\/www.lartesana.org\/es\/wp-json\/wp\/v2\/media\/6377"}],"wp:attachment":[{"href":"https:\/\/www.lartesana.org\/es\/wp-json\/wp\/v2\/media?parent=6382"}],"wp:term":[{"taxonomy":"category","embeddable":true,"href":"https:\/\/www.lartesana.org\/es\/wp-json\/wp\/v2\/categories?post=6382"},{"taxonomy":"post_tag","embeddable":true,"href":"https:\/\/www.lartesana.org\/es\/wp-json\/wp\/v2\/tags?post=6382"}],"curies":[{"name":"wp","href":"https:\/\/api.w.org\/{rel}","templated":true}]}}