{"id":6308,"date":"2024-06-02T12:59:40","date_gmt":"2024-06-02T10:59:40","guid":{"rendered":"https:\/\/www.lartesana.org\/?p=6308"},"modified":"2024-06-02T13:22:56","modified_gmt":"2024-06-02T11:22:56","slug":"festival-fin-de-curso-de-la-escola-de-musica","status":"publish","type":"post","link":"https:\/\/www.lartesana.org\/es\/festival-fin-de-curso-de-la-escola-de-musica\/","title":{"rendered":"Festival fin de curso de la Escola de m\u00fasica"},"content":{"rendered":"\n<p>El pasado viernes 31 de mayo, el alumnado de la Escuela nos deleit\u00f3, una vez m\u00e1s, con dos espectaculares presentaciones durante el festival de fin de curso: \u201cEl bestiario de las galaxias\u201d y \u201cUn circo de canciones\u201d. Que bien nos lo pasamos!<\/p>\n\n<figure class=\"wp-block-image aligncenter size-thumbnail\"><a href=\"https:\/\/www.lartesana.org\/wp-content\/uploads\/2024\/06\/festival-fi-de-curs-2024.jpg\"><img loading=\"lazy\" decoding=\"async\" width=\"150\" height=\"150\" src=\"https:\/\/www.lartesana.org\/wp-content\/uploads\/2024\/06\/festival-fi-de-curs-2024-150x150.jpg\" alt=\"\" class=\"wp-image-6260\"\/><\/a><\/figure>\n\n<p>Queremos felicitar especialmente a las profesoras de Jard\u00edn e Iniciaci\u00f3n Musical, Mar\u00eda Vila, Blanca Garc\u00eda e Isabel G\u00f3mez, as\u00ed como a la Coral Juvenil Antonio Claverol y la Banda Joven Eduardo Tar\u00edn, dirigidas por Vicente Almarche y Miguel Almarche, respectivamente.<\/p>\n\n<figure class=\"wp-block-gallery has-nested-images columns-default is-cropped wp-block-gallery-1 is-layout-flex wp-block-gallery-is-layout-flex\">\n<figure class=\"wp-block-image size-large\"><a href=\"https:\/\/www.lartesana.org\/wp-content\/uploads\/2024\/06\/fi-de-curs-Imagen-de-WhatsApp-2024-06-01-a-las-19.39.35_034c3c6d.jpg\"><img loading=\"lazy\" decoding=\"async\" width=\"2000\" height=\"1500\" data-id=\"6300\" src=\"https:\/\/www.lartesana.org\/wp-content\/uploads\/2024\/06\/fi-de-curs-Imagen-de-WhatsApp-2024-06-01-a-las-19.39.35_034c3c6d-2000x1500.jpg\" alt=\"El Bestiari de les Galaxies\" class=\"wp-image-6300\" srcset=\"https:\/\/www.lartesana.org\/wp-content\/uploads\/2024\/06\/fi-de-curs-Imagen-de-WhatsApp-2024-06-01-a-las-19.39.35_034c3c6d-2000x1500.jpg 2000w, https:\/\/www.lartesana.org\/wp-content\/uploads\/2024\/06\/fi-de-curs-Imagen-de-WhatsApp-2024-06-01-a-las-19.39.35_034c3c6d-1280x960.jpg 1280w, https:\/\/www.lartesana.org\/wp-content\/uploads\/2024\/06\/fi-de-curs-Imagen-de-WhatsApp-2024-06-01-a-las-19.39.35_034c3c6d-980x735.jpg 980w, https:\/\/www.lartesana.org\/wp-content\/uploads\/2024\/06\/fi-de-curs-Imagen-de-WhatsApp-2024-06-01-a-las-19.39.35_034c3c6d-480x360.jpg 480w\" sizes=\"(min-width: 0px) and (max-width: 480px) 480px, (min-width: 481px) and (max-width: 980px) 980px, (min-width: 981px) and (max-width: 1280px) 1280px, (min-width: 1281px) 2000px, 100vw\" \/><\/a><\/figure>\n\n\n\n<figure class=\"wp-block-image size-large\"><a href=\"https:\/\/www.lartesana.org\/wp-content\/uploads\/2024\/06\/IMG_2830.jpg\"><img loading=\"lazy\" decoding=\"async\" width=\"2000\" height=\"1333\" data-id=\"6302\" src=\"https:\/\/www.lartesana.org\/wp-content\/uploads\/2024\/06\/IMG_2830-2000x1333.jpg\" alt=\"\" class=\"wp-image-6302\" srcset=\"https:\/\/www.lartesana.org\/wp-content\/uploads\/2024\/06\/IMG_2830-2000x1333.jpg 2000w, https:\/\/www.lartesana.org\/wp-content\/uploads\/2024\/06\/IMG_2830-1280x853.jpg 1280w, https:\/\/www.lartesana.org\/wp-content\/uploads\/2024\/06\/IMG_2830-980x653.jpg 980w, https:\/\/www.lartesana.org\/wp-content\/uploads\/2024\/06\/IMG_2830-480x320.jpg 480w\" sizes=\"(min-width: 0px) and (max-width: 480px) 480px, (min-width: 481px) and (max-width: 980px) 980px, (min-width: 981px) and (max-width: 1280px) 1280px, (min-width: 1281px) 2000px, 100vw\" \/><\/a><figcaption class=\"wp-element-caption\">Un circo de Canciones<\/figcaption><\/figure>\n<\/figure>\n\n<p>Agradecemos profundamente a todas las familias por vuestra colaboraci\u00f3n y apoyo d\u00eda tras d\u00eda.<\/p>\n\n<p>Si quer\u00e9is formar parte del festival del pr\u00f3ximo curso, recordad que el periodo de matr\u00edcula para el curso 2024\/25 ser\u00e1 del 24 al 28 de junio. \u00a1No os lo perd\u00e1is!<\/p>\n\n<p><a href=\"https:\/\/www.facebook.com\/share\/p\/3AYNycuCXy3daNQn\/?mibextid=WC7FNe\">Link al Facebook<\/a><\/p>\n","protected":false},"excerpt":{"rendered":"<p>Cr\u00f3nica del festival fin de curso de la Escola de M\u00fasica<\/p>\n","protected":false},"author":3,"featured_media":6101,"comment_status":"closed","ping_status":"closed","sticky":true,"template":"","format":"standard","meta":{"_et_pb_use_builder":"off","_et_pb_old_content":"","_et_gb_content_width":"","footnotes":""},"categories":[9,44,8],"tags":[],"class_list":["post-6308","post","type-post","status-publish","format-standard","has-post-thumbnail","hentry","category-agrupacions","category-escuela","category-escola"],"_links":{"self":[{"href":"https:\/\/www.lartesana.org\/es\/wp-json\/wp\/v2\/posts\/6308","targetHints":{"allow":["GET"]}}],"collection":[{"href":"https:\/\/www.lartesana.org\/es\/wp-json\/wp\/v2\/posts"}],"about":[{"href":"https:\/\/www.lartesana.org\/es\/wp-json\/wp\/v2\/types\/post"}],"author":[{"embeddable":true,"href":"https:\/\/www.lartesana.org\/es\/wp-json\/wp\/v2\/users\/3"}],"replies":[{"embeddable":true,"href":"https:\/\/www.lartesana.org\/es\/wp-json\/wp\/v2\/comments?post=6308"}],"version-history":[{"count":9,"href":"https:\/\/www.lartesana.org\/es\/wp-json\/wp\/v2\/posts\/6308\/revisions"}],"predecessor-version":[{"id":6319,"href":"https:\/\/www.lartesana.org\/es\/wp-json\/wp\/v2\/posts\/6308\/revisions\/6319"}],"wp:featuredmedia":[{"embeddable":true,"href":"https:\/\/www.lartesana.org\/es\/wp-json\/wp\/v2\/media\/6101"}],"wp:attachment":[{"href":"https:\/\/www.lartesana.org\/es\/wp-json\/wp\/v2\/media?parent=6308"}],"wp:term":[{"taxonomy":"category","embeddable":true,"href":"https:\/\/www.lartesana.org\/es\/wp-json\/wp\/v2\/categories?post=6308"},{"taxonomy":"post_tag","embeddable":true,"href":"https:\/\/www.lartesana.org\/es\/wp-json\/wp\/v2\/tags?post=6308"}],"curies":[{"name":"wp","href":"https:\/\/api.w.org\/{rel}","templated":true}]}}