{"id":6238,"date":"2024-06-01T19:45:25","date_gmt":"2024-06-01T17:45:25","guid":{"rendered":"https:\/\/www.lartesana.org\/?p=6238"},"modified":"2024-06-01T19:59:25","modified_gmt":"2024-06-01T17:59:25","slug":"concierto-de-intercambio-musical-entre-bandas-juveniles","status":"publish","type":"post","link":"https:\/\/www.lartesana.org\/es\/concierto-de-intercambio-musical-entre-bandas-juveniles\/","title":{"rendered":"Concierto de Intercambio Musical entre Bandas Juveniles"},"content":{"rendered":"\n<p>Nos complace anunciar que el pr\u00f3ximo domingo d\u00eda 9 de junio de 2024, nuestra Banda Jove \u201cEduardo Tar\u00edn\u201d ofrecer\u00e1 un emocionante concierto de intercambio musical junto a la banda juvenil de la Sociedad Musical Santa Cecilia de la poblaci\u00f3n de Alc\u00e1cer.<\/p>\n\n\n\n<p>Este concierto est\u00e1 enmarcado dentro de la <strong>XXI Campa\u00f1a de Conciertos de Intercambio 2024<\/strong>, organizada por la <strong>Federaci\u00f3n de Sociedades Musicales de la Comunitat Valenciana<\/strong> (FSMCV) . Dicha campa\u00f1a fue creada hace 21 a\u00f1os por la FSMCV al objeto de establecer <strong>un programa de conciertos por parejas entre agrupaciones art\u00edsticas pertenecientes a la FSMCV, y para contribuir a la <strong>promoci\u00f3n musical e interrelaci\u00f3n entre las diferentes agrupaciones de las entidades que participen<\/strong>.<\/strong><\/p>\n\n\n\n<figure class=\"wp-block-image aligncenter size-full is-resized\"><img loading=\"lazy\" decoding=\"async\" width=\"1755\" height=\"1241\" src=\"https:\/\/www.lartesana.org\/wp-content\/uploads\/2024\/06\/2024-06-BANDA-JOVE-CONCERT-INTERCANVI-09JUY2024_page-0001-1.jpg\" alt=\"\" class=\"wp-image-6232\" style=\"width:547px;height:auto\" srcset=\"https:\/\/www.lartesana.org\/wp-content\/uploads\/2024\/06\/2024-06-BANDA-JOVE-CONCERT-INTERCANVI-09JUY2024_page-0001-1.jpg 1755w, https:\/\/www.lartesana.org\/wp-content\/uploads\/2024\/06\/2024-06-BANDA-JOVE-CONCERT-INTERCANVI-09JUY2024_page-0001-1-1280x905.jpg 1280w, https:\/\/www.lartesana.org\/wp-content\/uploads\/2024\/06\/2024-06-BANDA-JOVE-CONCERT-INTERCANVI-09JUY2024_page-0001-1-980x693.jpg 980w, https:\/\/www.lartesana.org\/wp-content\/uploads\/2024\/06\/2024-06-BANDA-JOVE-CONCERT-INTERCANVI-09JUY2024_page-0001-1-480x339.jpg 480w\" sizes=\"(min-width: 0px) and (max-width: 480px) 480px, (min-width: 481px) and (max-width: 980px) 980px, (min-width: 981px) and (max-width: 1280px) 1280px, (min-width: 1281px) 1755px, 100vw\" \/><\/figure>\n\n\n\n<p>El evento tendr\u00e1 lugar el pr\u00f3ximo <strong>9 de junio a las 19:00 horas<\/strong> en el <strong>Sal\u00f3n de Actos de la SOMU Alc\u00e1cer<\/strong>.<\/p>\n\n\n\n<p>Este concierto promete ser una velada llena de talento y armon\u00eda, donde ambas bandas juveniles tendr\u00e1n la oportunidad de mostrar su pasi\u00f3n por la m\u00fasica y fortalecer los lazos entre nuestras comunidades. No te pierdas esta ocasi\u00f3n \u00fanica para disfrutar de una variada selecci\u00f3n de piezas musicales interpretadas por nuestros j\u00f3venes m\u00fasicos.<\/p>\n\n\n\n<p>Invitamos a todos los amantes de la m\u00fasica y a las familias a asistir a este evento y apoyar a nuestros j\u00f3venes talentos. \u00a1Esperamos contar con tu presencia!<\/p>\n\n\n\n<p>Fent Artesana<\/p>\n","protected":false},"excerpt":{"rendered":"<p>Nos complace anunciar que el pr\u00f3ximo domingo d\u00eda 9 de junio de 2024, nuestra Banda Jove \u201cEduardo Tar\u00edn\u201d ofrecer\u00e1 un emocionante concierto de intercambio musical junto a la banda juvenil de la Sociedad Musical Santa Cecilia de la poblaci\u00f3n de Alc\u00e1cer. Este concierto est\u00e1 enmarcado dentro de la XXI Campa\u00f1a de Conciertos de Intercambio 2024, [&hellip;]<\/p>\n","protected":false},"author":3,"featured_media":6226,"comment_status":"closed","ping_status":"closed","sticky":true,"template":"","format":"standard","meta":{"_et_pb_use_builder":"off","_et_pb_old_content":"","_et_gb_content_width":"","footnotes":""},"categories":[44],"tags":[],"class_list":["post-6238","post","type-post","status-publish","format-standard","has-post-thumbnail","hentry","category-escuela"],"_links":{"self":[{"href":"https:\/\/www.lartesana.org\/es\/wp-json\/wp\/v2\/posts\/6238","targetHints":{"allow":["GET"]}}],"collection":[{"href":"https:\/\/www.lartesana.org\/es\/wp-json\/wp\/v2\/posts"}],"about":[{"href":"https:\/\/www.lartesana.org\/es\/wp-json\/wp\/v2\/types\/post"}],"author":[{"embeddable":true,"href":"https:\/\/www.lartesana.org\/es\/wp-json\/wp\/v2\/users\/3"}],"replies":[{"embeddable":true,"href":"https:\/\/www.lartesana.org\/es\/wp-json\/wp\/v2\/comments?post=6238"}],"version-history":[{"count":5,"href":"https:\/\/www.lartesana.org\/es\/wp-json\/wp\/v2\/posts\/6238\/revisions"}],"predecessor-version":[{"id":6243,"href":"https:\/\/www.lartesana.org\/es\/wp-json\/wp\/v2\/posts\/6238\/revisions\/6243"}],"wp:featuredmedia":[{"embeddable":true,"href":"https:\/\/www.lartesana.org\/es\/wp-json\/wp\/v2\/media\/6226"}],"wp:attachment":[{"href":"https:\/\/www.lartesana.org\/es\/wp-json\/wp\/v2\/media?parent=6238"}],"wp:term":[{"taxonomy":"category","embeddable":true,"href":"https:\/\/www.lartesana.org\/es\/wp-json\/wp\/v2\/categories?post=6238"},{"taxonomy":"post_tag","embeddable":true,"href":"https:\/\/www.lartesana.org\/es\/wp-json\/wp\/v2\/tags?post=6238"}],"curies":[{"name":"wp","href":"https:\/\/api.w.org\/{rel}","templated":true}]}}