{"id":6026,"date":"2024-05-19T19:15:49","date_gmt":"2024-05-19T17:15:49","guid":{"rendered":"https:\/\/www.lartesana.org\/?p=6026"},"modified":"2024-05-19T19:34:36","modified_gmt":"2024-05-19T17:34:36","slug":"festival-fi-de-curs-2023-20234","status":"publish","type":"post","link":"https:\/\/www.lartesana.org\/es\/festival-fi-de-curs-2023-20234\/","title":{"rendered":"Festival fin de curso 2023 &#8211; 20234"},"content":{"rendered":"\n<p>Ya falta poco!<\/p>\n\n\n\n<p>Os invitamos a nuestro festival de fin de curso, que tendr\u00e1 lugar el viernes d\u00eda 31 de mayo, en el Teatre Auditori de Catarroja.<\/p>\n\n\n\n<p>En esta ocasi\u00f3n, los alumnos  de Jard\u00edn Musical y los de Iniciaci\u00f3 Musical 1 y 2, acompa\u00f1ados por la Banda Juvenil, representaran \u201cEl bestiario de las galaxias\u201d. Y la Coral Juvenil, acompa\u00f1ados por algunos m\u00fasicos de la Sociedad, interpretar\u00e1n \u201cUn circo de canciones\u201d<\/p>\n\n\n\n<p>Os esperamos!<\/p>\n\n\n\n<p><a href=\"https:\/\/www.facebook.com\/hashtag\/fentartesana?__eep__=6&amp;__cft__[0]=AZVoqfTXa7Cov02pu9w_H9p-d27gM5E2MEDzedvn2Y2ica3ZKt2TEB3apL30OAku9FId2Vkf3MKxw_r4KukBrEk4ngYCZvZ4rLJr2XWshmnfMucZpVFSh9YNw1kBwNy9B_5P1epYKGq2dOhnehjq5N0e_j-aH1Dnx1y8oEEw5E172e6A5gGr1QxlOWjFjOJ-W5mgWkUXCsVOug-KmvqxR99nIkAHGjExxjteF5gHh4G2en2vCoWSLhTe2nPlNk82Z-I&amp;__tn__=*NK-y-R\">#FentArtesana<\/a><\/p>\n\n\n\n<p><a href=\"https:\/\/www.facebook.com\/teatreauditoricatarroja?__cft__[0]=AZVoqfTXa7Cov02pu9w_H9p-d27gM5E2MEDzedvn2Y2ica3ZKt2TEB3apL30OAku9FId2Vkf3MKxw_r4KukBrEk4ngYCZvZ4rLJr2XWshmnfMucZpVFSh9YNw1kBwNy9B_5P1epYKGq2dOhnehjq5N0e_j-aH1Dnx1y8oEEw5E172e6A5gGr1QxlOWjFjOJ-W5mgWkUXCsVOug-KmvqxR99nIkAHGjExxjteF5gHh4G2en2vCoWSLhTe2nPlNk82Z-I&amp;__tn__=-]K-y-R\">TAC Catarroja<\/a><\/p>\n\n\n\n<p><a href=\"https:\/\/www.facebook.com\/AjuntamentdeCatarroja?__cft__[0]=AZVoqfTXa7Cov02pu9w_H9p-d27gM5E2MEDzedvn2Y2ica3ZKt2TEB3apL30OAku9FId2Vkf3MKxw_r4KukBrEk4ngYCZvZ4rLJr2XWshmnfMucZpVFSh9YNw1kBwNy9B_5P1epYKGq2dOhnehjq5N0e_j-aH1Dnx1y8oEEw5E172e6A5gGr1QxlOWjFjOJ-W5mgWkUXCsVOug-KmvqxR99nIkAHGjExxjteF5gHh4G2en2vCoWSLhTe2nPlNk82Z-I&amp;__tn__=-]K-y-R\">Ajuntament de Catarroja<\/a><\/p>\n\n\n\n<figure class=\"wp-block-image size-full\"><img loading=\"lazy\" decoding=\"async\" width=\"1414\" height=\"2000\" src=\"https:\/\/www.lartesana.org\/wp-content\/uploads\/2024\/05\/festival-fi-de-curs-2024.jpg\" alt=\"\" class=\"wp-image-6019\" srcset=\"https:\/\/www.lartesana.org\/wp-content\/uploads\/2024\/05\/festival-fi-de-curs-2024.jpg 1414w, https:\/\/www.lartesana.org\/wp-content\/uploads\/2024\/05\/festival-fi-de-curs-2024-1280x1810.jpg 1280w, https:\/\/www.lartesana.org\/wp-content\/uploads\/2024\/05\/festival-fi-de-curs-2024-980x1386.jpg 980w, https:\/\/www.lartesana.org\/wp-content\/uploads\/2024\/05\/festival-fi-de-curs-2024-480x679.jpg 480w\" sizes=\"(min-width: 0px) and (max-width: 480px) 480px, (min-width: 481px) and (max-width: 980px) 980px, (min-width: 981px) and (max-width: 1280px) 1280px, (min-width: 1281px) 1414px, 100vw\" \/><\/figure>\n","protected":false},"excerpt":{"rendered":"<p>Festival fi de curs Escola de M\u00fasica l&#8217;Artesana<\/p>\n","protected":false},"author":3,"featured_media":5970,"comment_status":"closed","ping_status":"closed","sticky":true,"template":"","format":"standard","meta":{"_et_pb_use_builder":"off","_et_pb_old_content":"","_et_gb_content_width":"","footnotes":""},"categories":[44,1],"tags":[],"class_list":["post-6026","post","type-post","status-publish","format-standard","has-post-thumbnail","hentry","category-escuela","category-sin-categorizar"],"_links":{"self":[{"href":"https:\/\/www.lartesana.org\/es\/wp-json\/wp\/v2\/posts\/6026","targetHints":{"allow":["GET"]}}],"collection":[{"href":"https:\/\/www.lartesana.org\/es\/wp-json\/wp\/v2\/posts"}],"about":[{"href":"https:\/\/www.lartesana.org\/es\/wp-json\/wp\/v2\/types\/post"}],"author":[{"embeddable":true,"href":"https:\/\/www.lartesana.org\/es\/wp-json\/wp\/v2\/users\/3"}],"replies":[{"embeddable":true,"href":"https:\/\/www.lartesana.org\/es\/wp-json\/wp\/v2\/comments?post=6026"}],"version-history":[{"count":4,"href":"https:\/\/www.lartesana.org\/es\/wp-json\/wp\/v2\/posts\/6026\/revisions"}],"predecessor-version":[{"id":6039,"href":"https:\/\/www.lartesana.org\/es\/wp-json\/wp\/v2\/posts\/6026\/revisions\/6039"}],"wp:featuredmedia":[{"embeddable":true,"href":"https:\/\/www.lartesana.org\/es\/wp-json\/wp\/v2\/media\/5970"}],"wp:attachment":[{"href":"https:\/\/www.lartesana.org\/es\/wp-json\/wp\/v2\/media?parent=6026"}],"wp:term":[{"taxonomy":"category","embeddable":true,"href":"https:\/\/www.lartesana.org\/es\/wp-json\/wp\/v2\/categories?post=6026"},{"taxonomy":"post_tag","embeddable":true,"href":"https:\/\/www.lartesana.org\/es\/wp-json\/wp\/v2\/tags?post=6026"}],"curies":[{"name":"wp","href":"https:\/\/api.w.org\/{rel}","templated":true}]}}