{"id":5959,"date":"2024-05-14T00:39:01","date_gmt":"2024-05-13T22:39:01","guid":{"rendered":"https:\/\/www.lartesana.org\/?p=5959"},"modified":"2024-05-14T00:53:04","modified_gmt":"2024-05-13T22:53:04","slug":"matricula-curso-2024-2025","status":"publish","type":"post","link":"https:\/\/www.lartesana.org\/es\/matricula-curso-2024-2025\/","title":{"rendered":"Matr\u00edcula Curso 2024\/2025"},"content":{"rendered":"\n<p>Para el pr\u00f3ximo curso adelantamos la fecha de inicio al 16 de septiembre, por lo que las fechas de matr\u00edcula ser\u00e1n la semana del 24 al 28 de junio.<br>Recuerde que para el alumnado que ya ha cursado el a\u00f1o acad\u00e9mico 2023\/24 la matr\u00edcula ser\u00e1 autom\u00e1tica. S\u00f3lo deber\u00e1 elegirse el horario de la asignatura grupal y de instrumento.<br>Para el alumnado que debe escoger instrumento el pr\u00f3ximo curso y nuevo alumnado, nuestras agrupaciones les ofrecen unos ensayos a puerta abierta, para que puedan verlos en acci\u00f3n.<\/p>\n\n\n\n<figure class=\"wp-block-gallery has-nested-images columns-default is-cropped wp-block-gallery-1 is-layout-flex wp-block-gallery-is-layout-flex\">\n<figure class=\"wp-block-image alignleft size-large\"><img loading=\"lazy\" decoding=\"async\" width=\"1414\" height=\"2000\" data-id=\"5968\" src=\"https:\/\/www.lartesana.org\/wp-content\/uploads\/2024\/05\/inicio-y-matricula-1.jpg\" alt=\"\" class=\"wp-image-5968\" srcset=\"https:\/\/www.lartesana.org\/wp-content\/uploads\/2024\/05\/inicio-y-matricula-1.jpg 1414w, https:\/\/www.lartesana.org\/wp-content\/uploads\/2024\/05\/inicio-y-matricula-1-1280x1810.jpg 1280w, https:\/\/www.lartesana.org\/wp-content\/uploads\/2024\/05\/inicio-y-matricula-1-980x1386.jpg 980w, https:\/\/www.lartesana.org\/wp-content\/uploads\/2024\/05\/inicio-y-matricula-1-480x679.jpg 480w\" sizes=\"(min-width: 0px) and (max-width: 480px) 480px, (min-width: 481px) and (max-width: 980px) 980px, (min-width: 981px) and (max-width: 1280px) 1280px, (min-width: 1281px) 1414px, 100vw\" \/><\/figure>\n\n\n\n<figure class=\"wp-block-image alignright size-large\"><img loading=\"lazy\" decoding=\"async\" width=\"1414\" height=\"2000\" data-id=\"5966\" src=\"https:\/\/www.lartesana.org\/wp-content\/uploads\/2024\/05\/conoce-2.jpg\" alt=\"\" class=\"wp-image-5966\" srcset=\"https:\/\/www.lartesana.org\/wp-content\/uploads\/2024\/05\/conoce-2.jpg 1414w, https:\/\/www.lartesana.org\/wp-content\/uploads\/2024\/05\/conoce-2-1280x1810.jpg 1280w, https:\/\/www.lartesana.org\/wp-content\/uploads\/2024\/05\/conoce-2-980x1386.jpg 980w, https:\/\/www.lartesana.org\/wp-content\/uploads\/2024\/05\/conoce-2-480x679.jpg 480w\" sizes=\"(min-width: 0px) and (max-width: 480px) 480px, (min-width: 481px) and (max-width: 980px) 980px, (min-width: 981px) and (max-width: 1280px) 1280px, (min-width: 1281px) 1414px, 100vw\" \/><\/figure>\n<\/figure>\n","protected":false},"excerpt":{"rendered":"<p>Para el pr\u00f3ximo curso adelantamos la fecha de inicio al 16 de septiembre, por lo que las fechas de matr\u00edcula ser\u00e1n la semana del 24 al 28 de junio.Recuerde que para el alumnado que ya ha cursado el a\u00f1o acad\u00e9mico 2023\/24 la matr\u00edcula ser\u00e1 autom\u00e1tica. S\u00f3lo deber\u00e1 elegirse el horario de la asignatura grupal y [&hellip;]<\/p>\n","protected":false},"author":3,"featured_media":5970,"comment_status":"closed","ping_status":"closed","sticky":true,"template":"","format":"standard","meta":{"_et_pb_use_builder":"off","_et_pb_old_content":"","_et_gb_content_width":"","footnotes":""},"categories":[44,8],"tags":[],"class_list":["post-5959","post","type-post","status-publish","format-standard","has-post-thumbnail","hentry","category-escuela","category-escola"],"_links":{"self":[{"href":"https:\/\/www.lartesana.org\/es\/wp-json\/wp\/v2\/posts\/5959","targetHints":{"allow":["GET"]}}],"collection":[{"href":"https:\/\/www.lartesana.org\/es\/wp-json\/wp\/v2\/posts"}],"about":[{"href":"https:\/\/www.lartesana.org\/es\/wp-json\/wp\/v2\/types\/post"}],"author":[{"embeddable":true,"href":"https:\/\/www.lartesana.org\/es\/wp-json\/wp\/v2\/users\/3"}],"replies":[{"embeddable":true,"href":"https:\/\/www.lartesana.org\/es\/wp-json\/wp\/v2\/comments?post=5959"}],"version-history":[{"count":1,"href":"https:\/\/www.lartesana.org\/es\/wp-json\/wp\/v2\/posts\/5959\/revisions"}],"predecessor-version":[{"id":5972,"href":"https:\/\/www.lartesana.org\/es\/wp-json\/wp\/v2\/posts\/5959\/revisions\/5972"}],"wp:featuredmedia":[{"embeddable":true,"href":"https:\/\/www.lartesana.org\/es\/wp-json\/wp\/v2\/media\/5970"}],"wp:attachment":[{"href":"https:\/\/www.lartesana.org\/es\/wp-json\/wp\/v2\/media?parent=5959"}],"wp:term":[{"taxonomy":"category","embeddable":true,"href":"https:\/\/www.lartesana.org\/es\/wp-json\/wp\/v2\/categories?post=5959"},{"taxonomy":"post_tag","embeddable":true,"href":"https:\/\/www.lartesana.org\/es\/wp-json\/wp\/v2\/tags?post=5959"}],"curies":[{"name":"wp","href":"https:\/\/api.w.org\/{rel}","templated":true}]}}