{"id":5911,"date":"2024-05-13T15:22:00","date_gmt":"2024-05-13T13:22:00","guid":{"rendered":"https:\/\/www.lartesana.org\/?p=5911"},"modified":"2024-05-14T23:36:49","modified_gmt":"2024-05-14T21:36:49","slug":"cronica-concierto-musa-y-camarera-2024","status":"publish","type":"post","link":"https:\/\/www.lartesana.org\/es\/cronica-concierto-musa-y-camarera-2024\/","title":{"rendered":"Cr\u00f3nica concierto Musa y Camarera 2024"},"content":{"rendered":"\n<p>El pasado s\u00e1bado d\u00eda 11 de mayo celebramos la presentaci\u00f3n de la Musa y la Camarera 2024, Alba Codo\u00f1er y Bego\u00f1a Marcos.<\/p>\n\n\n\n<p>En este concierto, emmarcado en la campa\u00f1a Excel\u00b7lent de la <a href=\"https:\/\/www.facebook.com\/culturadival?__cft__[0]=AZUze6RZJD0t6Q5HHn5gvPlzLXjuMlf8qbZGeWx77jVd3hu0f9uReXTwu9SjzgbWyLbET1I0ypINwee-cDbbeESb7gtBNoIaWHevjVBo91cRh5DYgJ51n_Rwx1VBWUsgIgb0ESdqWd3kZRZ_rksLh-QYU7EZKDOwcqQJua2ef8Jm2KGrK_TP42HSJVQzu143Fo5pHYeoJ0N8x7aao39KkL3R&amp;__tn__=-]K-R\">Cultura Diputaci\u00f3 de Val\u00e8ncia<\/a> y dedicado a la figura de la mujer en la m\u00fasica, fueron interpretadas las obras LA PUERTA GRANDE, pasodoble de Elvia Checa, CLEOPATRA, de la compositora Amparo Edo, DO\u00d1A LOLA, pasodoble de Francisco Grau, la obertura de la \u00f3pera DAMA DE PICAS, de F.V. Supp\u00e9 y fu\u00e9 estrenada la marcha de procesi\u00f3n \u201c<a href=\"https:\/\/www.lartesana.org\/wp-content\/uploads\/2024\/05\/Mare-de-Deu-Dagost.m4a\">MARE DE DEU D&#8217;AGOST, Gr\u00e1cia plena<\/a>\u201d, &lt;= (<strong>haz click para escuchar la marcha<\/strong>) del compositor y saxofonista catarrog\u00ed y artes\u00e0 Pedro Gim\u00e9nez, dedicada a las Clavariesas de la Mare de D\u00e9u d&#8217;Agost 2024, que estuvieron representadas en el acto por Mari Luz Cabanes.<\/p>\n\n\n\n<p>Agradecemos a Blanca Garcia y a Marian Bellot su representaci\u00f3n como Musa de la Sociedad y Camarera de Santa Cecilia los dos \u00faltimos a\u00f1os 2022 y \/2023.<\/p>\n\n\n\n<figure class=\"wp-block-image aligncenter size-large is-resized\"><a href=\"https:\/\/www.lartesana.org\/wp-content\/uploads\/2024\/05\/440746043_841623517999811_525557470298718908_n.jpg\"><img loading=\"lazy\" decoding=\"async\" width=\"2000\" height=\"1333\" src=\"https:\/\/www.lartesana.org\/wp-content\/uploads\/2024\/05\/440746043_841623517999811_525557470298718908_n-2000x1333.jpg\" alt=\"\" class=\"wp-image-5879\" style=\"width:586px;height:auto\" srcset=\"https:\/\/www.lartesana.org\/wp-content\/uploads\/2024\/05\/440746043_841623517999811_525557470298718908_n-2000x1333.jpg 2000w, https:\/\/www.lartesana.org\/wp-content\/uploads\/2024\/05\/440746043_841623517999811_525557470298718908_n-1280x853.jpg 1280w, https:\/\/www.lartesana.org\/wp-content\/uploads\/2024\/05\/440746043_841623517999811_525557470298718908_n-980x653.jpg 980w, https:\/\/www.lartesana.org\/wp-content\/uploads\/2024\/05\/440746043_841623517999811_525557470298718908_n-480x320.jpg 480w\" sizes=\"(min-width: 0px) and (max-width: 480px) 480px, (min-width: 481px) and (max-width: 980px) 980px, (min-width: 981px) and (max-width: 1280px) 1280px, (min-width: 1281px) 2000px, 100vw\" \/><\/a><figcaption class=\"wp-element-caption\">Alba Codo\u00f1er, Musa 2024 y Bego\u00f1a Marcos, Camarera de Santa Cecilia 2024<\/figcaption><\/figure>\n\n\n\n<figure class=\"wp-block-image aligncenter size-large is-resized\"><a href=\"https:\/\/www.lartesana.org\/wp-content\/uploads\/2024\/05\/441573973_964659605664674_7335820915479374145_n.jpg\"><img loading=\"lazy\" decoding=\"async\" width=\"2000\" height=\"1333\" src=\"https:\/\/www.lartesana.org\/wp-content\/uploads\/2024\/05\/441573973_964659605664674_7335820915479374145_n-2000x1333.jpg\" alt=\"\" class=\"wp-image-5883\" style=\"width:565px;height:auto\" srcset=\"https:\/\/www.lartesana.org\/wp-content\/uploads\/2024\/05\/441573973_964659605664674_7335820915479374145_n-2000x1333.jpg 2000w, https:\/\/www.lartesana.org\/wp-content\/uploads\/2024\/05\/441573973_964659605664674_7335820915479374145_n-1280x853.jpg 1280w, https:\/\/www.lartesana.org\/wp-content\/uploads\/2024\/05\/441573973_964659605664674_7335820915479374145_n-980x653.jpg 980w, https:\/\/www.lartesana.org\/wp-content\/uploads\/2024\/05\/441573973_964659605664674_7335820915479374145_n-480x320.jpg 480w\" sizes=\"(min-width: 0px) and (max-width: 480px) 480px, (min-width: 481px) and (max-width: 980px) 980px, (min-width: 981px) and (max-width: 1280px) 1280px, (min-width: 1281px) 2000px, 100vw\" \/><\/a><figcaption class=\"wp-element-caption\">Marian Bellot y Blanca Garc\u00eda, Camarera y Musa 2022 y 2023, junto con la alcaldesa Lorena Silvent, el Vice Alcalde Jes\u00fas Monz\u00f3 y Oscar Guillem, Presidente de la SM l&#8217;Artesana<\/figcaption><\/figure>\n\n\n\n<figure class=\"wp-block-image aligncenter size-full is-resized\"><a href=\"https:\/\/www.lartesana.org\/wp-content\/uploads\/2024\/05\/441077580_964666165664018_3494084862224336719_n.jpg\"><img loading=\"lazy\" decoding=\"async\" width=\"1513\" height=\"1365\" src=\"https:\/\/www.lartesana.org\/wp-content\/uploads\/2024\/05\/441077580_964666165664018_3494084862224336719_n.jpg\" alt=\"\" class=\"wp-image-5886\" style=\"width:564px;height:auto\" srcset=\"https:\/\/www.lartesana.org\/wp-content\/uploads\/2024\/05\/441077580_964666165664018_3494084862224336719_n.jpg 1513w, https:\/\/www.lartesana.org\/wp-content\/uploads\/2024\/05\/441077580_964666165664018_3494084862224336719_n-1280x1155.jpg 1280w, https:\/\/www.lartesana.org\/wp-content\/uploads\/2024\/05\/441077580_964666165664018_3494084862224336719_n-980x884.jpg 980w, https:\/\/www.lartesana.org\/wp-content\/uploads\/2024\/05\/441077580_964666165664018_3494084862224336719_n-480x433.jpg 480w\" sizes=\"(min-width: 0px) and (max-width: 480px) 480px, (min-width: 481px) and (max-width: 980px) 980px, (min-width: 981px) and (max-width: 1280px) 1280px, (min-width: 1281px) 1513px, 100vw\" \/><\/a><figcaption class=\"wp-element-caption\">Alba Codo\u00f1er, Musa de l&#8217;Artesana 2024<\/figcaption><\/figure>\n\n\n\n<figure class=\"wp-block-image aligncenter size-large is-resized\"><a href=\"https:\/\/www.lartesana.org\/wp-content\/uploads\/2024\/05\/441710329_964659428998025_4951565843372930704_n.jpg\"><img loading=\"lazy\" decoding=\"async\" width=\"2000\" height=\"1333\" src=\"https:\/\/www.lartesana.org\/wp-content\/uploads\/2024\/05\/441710329_964659428998025_4951565843372930704_n-2000x1333.jpg\" alt=\"\" class=\"wp-image-5888\" style=\"width:571px;height:auto\" srcset=\"https:\/\/www.lartesana.org\/wp-content\/uploads\/2024\/05\/441710329_964659428998025_4951565843372930704_n-2000x1333.jpg 2000w, https:\/\/www.lartesana.org\/wp-content\/uploads\/2024\/05\/441710329_964659428998025_4951565843372930704_n-1280x853.jpg 1280w, https:\/\/www.lartesana.org\/wp-content\/uploads\/2024\/05\/441710329_964659428998025_4951565843372930704_n-980x653.jpg 980w, https:\/\/www.lartesana.org\/wp-content\/uploads\/2024\/05\/441710329_964659428998025_4951565843372930704_n-480x320.jpg 480w\" sizes=\"(min-width: 0px) and (max-width: 480px) 480px, (min-width: 481px) and (max-width: 980px) 980px, (min-width: 981px) and (max-width: 1280px) 1280px, (min-width: 1281px) 2000px, 100vw\" \/><\/a><figcaption class=\"wp-element-caption\">Bego\u00f1a Marcos, Camarera de Santa Cecilia 2024<\/figcaption><\/figure>\n\n\n\n<figure class=\"wp-block-image aligncenter size-large is-resized\"><a href=\"https:\/\/www.lartesana.org\/wp-content\/uploads\/2024\/05\/441871483_964659542331347_7911474309106929367_n-1-e1715604690777.jpg\"><img loading=\"lazy\" decoding=\"async\" width=\"2000\" height=\"1333\" src=\"https:\/\/www.lartesana.org\/wp-content\/uploads\/2024\/05\/441871483_964659542331347_7911474309106929367_n-1-2000x1333.jpg\" alt=\"\" class=\"wp-image-5892\" style=\"width:571px;height:auto\" srcset=\"https:\/\/www.lartesana.org\/wp-content\/uploads\/2024\/05\/441871483_964659542331347_7911474309106929367_n-1-2000x1333.jpg 2000w, https:\/\/www.lartesana.org\/wp-content\/uploads\/2024\/05\/441871483_964659542331347_7911474309106929367_n-1-1280x853.jpg 1280w, https:\/\/www.lartesana.org\/wp-content\/uploads\/2024\/05\/441871483_964659542331347_7911474309106929367_n-1-980x653.jpg 980w, https:\/\/www.lartesana.org\/wp-content\/uploads\/2024\/05\/441871483_964659542331347_7911474309106929367_n-1-480x320.jpg 480w\" sizes=\"(min-width: 0px) and (max-width: 480px) 480px, (min-width: 481px) and (max-width: 980px) 980px, (min-width: 981px) and (max-width: 1280px) 1280px, (min-width: 1281px) 2000px, 100vw\" \/><\/a><figcaption class=\"wp-element-caption\">Pedro Gim\u00e9nez, compositor de la Marcha de procesi\u00f3n \u00abMare de Deu d&#8217;Agost\u00bb, Mari Luz Cabanes , Clavariesa Mayor de la Virgen de Agosto y Oscar Guillem, Presidente de la SM l&#8217;Artesana<\/figcaption><\/figure>\n\n\n\n<figure class=\"wp-block-image aligncenter size-large is-resized\"><a href=\"https:\/\/www.lartesana.org\/wp-content\/uploads\/2024\/05\/Mare-de-Deu-Dagost.m4a\"><img loading=\"lazy\" decoding=\"async\" width=\"1500\" height=\"2000\" src=\"https:\/\/www.lartesana.org\/wp-content\/uploads\/2024\/05\/partitura-1-1500x2000.jpg\" alt=\"\" class=\"wp-image-5927\" style=\"width:583px;height:auto\" srcset=\"https:\/\/www.lartesana.org\/wp-content\/uploads\/2024\/05\/partitura-1-1500x2000.jpg 1500w, https:\/\/www.lartesana.org\/wp-content\/uploads\/2024\/05\/partitura-1-1280x1707.jpg 1280w, https:\/\/www.lartesana.org\/wp-content\/uploads\/2024\/05\/partitura-1-980x1307.jpg 980w, https:\/\/www.lartesana.org\/wp-content\/uploads\/2024\/05\/partitura-1-480x640.jpg 480w\" sizes=\"(min-width: 0px) and (max-width: 480px) 480px, (min-width: 481px) and (max-width: 980px) 980px, (min-width: 981px) and (max-width: 1280px) 1280px, (min-width: 1281px) 1500px, 100vw\" \/><\/a><figcaption class=\"wp-element-caption\">Portada y <strong>dedicatoria <\/strong>de la partitura \u00abMare de Deu d&#8217;Agost\u00bb, compuesta por Pedro Gim\u00e9nez<\/figcaption><\/figure>\n\n\n\n<figure class=\"wp-block-image aligncenter size-large is-resized\"><a href=\"https:\/\/www.lartesana.org\/wp-content\/uploads\/2024\/05\/440363630_964659405664694_3728892439745625354_n.jpg\"><img loading=\"lazy\" decoding=\"async\" width=\"2000\" height=\"1333\" src=\"https:\/\/www.lartesana.org\/wp-content\/uploads\/2024\/05\/440363630_964659405664694_3728892439745625354_n-2000x1333.jpg\" alt=\"\" class=\"wp-image-5899\" style=\"width:583px;height:auto\" srcset=\"https:\/\/www.lartesana.org\/wp-content\/uploads\/2024\/05\/440363630_964659405664694_3728892439745625354_n-2000x1333.jpg 2000w, https:\/\/www.lartesana.org\/wp-content\/uploads\/2024\/05\/440363630_964659405664694_3728892439745625354_n-1280x853.jpg 1280w, https:\/\/www.lartesana.org\/wp-content\/uploads\/2024\/05\/440363630_964659405664694_3728892439745625354_n-980x653.jpg 980w, https:\/\/www.lartesana.org\/wp-content\/uploads\/2024\/05\/440363630_964659405664694_3728892439745625354_n-480x320.jpg 480w\" sizes=\"(min-width: 0px) and (max-width: 480px) 480px, (min-width: 481px) and (max-width: 980px) 980px, (min-width: 981px) and (max-width: 1280px) 1280px, (min-width: 1281px) 2000px, 100vw\" \/><\/a><\/figure>\n\n\n\n<figure class=\"wp-block-image aligncenter size-large is-resized\"><a href=\"https:\/\/www.lartesana.org\/wp-content\/uploads\/2024\/05\/441065486_841623997999763_3605586911679644009_n.jpg\"><img loading=\"lazy\" decoding=\"async\" width=\"2000\" height=\"1333\" src=\"https:\/\/www.lartesana.org\/wp-content\/uploads\/2024\/05\/441065486_841623997999763_3605586911679644009_n-2000x1333.jpg\" alt=\"\" class=\"wp-image-5901\" style=\"width:587px;height:auto\" srcset=\"https:\/\/www.lartesana.org\/wp-content\/uploads\/2024\/05\/441065486_841623997999763_3605586911679644009_n-2000x1333.jpg 2000w, https:\/\/www.lartesana.org\/wp-content\/uploads\/2024\/05\/441065486_841623997999763_3605586911679644009_n-1280x853.jpg 1280w, https:\/\/www.lartesana.org\/wp-content\/uploads\/2024\/05\/441065486_841623997999763_3605586911679644009_n-980x653.jpg 980w, https:\/\/www.lartesana.org\/wp-content\/uploads\/2024\/05\/441065486_841623997999763_3605586911679644009_n-480x320.jpg 480w\" sizes=\"(min-width: 0px) and (max-width: 480px) 480px, (min-width: 481px) and (max-width: 980px) 980px, (min-width: 981px) and (max-width: 1280px) 1280px, (min-width: 1281px) 2000px, 100vw\" \/><\/a><\/figure>\n","protected":false},"excerpt":{"rendered":"<p>Cronica del  concierto y presentaci\u00f3n de la Musa y de la Camarera 2024<\/p>\n","protected":false},"author":3,"featured_media":5909,"comment_status":"closed","ping_status":"closed","sticky":true,"template":"","format":"standard","meta":{"_et_pb_use_builder":"off","_et_pb_old_content":"","_et_gb_content_width":"","footnotes":""},"categories":[42],"tags":[],"class_list":["post-5911","post","type-post","status-publish","format-standard","has-post-thumbnail","hentry","category-societat-2-es"],"_links":{"self":[{"href":"https:\/\/www.lartesana.org\/es\/wp-json\/wp\/v2\/posts\/5911","targetHints":{"allow":["GET"]}}],"collection":[{"href":"https:\/\/www.lartesana.org\/es\/wp-json\/wp\/v2\/posts"}],"about":[{"href":"https:\/\/www.lartesana.org\/es\/wp-json\/wp\/v2\/types\/post"}],"author":[{"embeddable":true,"href":"https:\/\/www.lartesana.org\/es\/wp-json\/wp\/v2\/users\/3"}],"replies":[{"embeddable":true,"href":"https:\/\/www.lartesana.org\/es\/wp-json\/wp\/v2\/comments?post=5911"}],"version-history":[{"count":10,"href":"https:\/\/www.lartesana.org\/es\/wp-json\/wp\/v2\/posts\/5911\/revisions"}],"predecessor-version":[{"id":5990,"href":"https:\/\/www.lartesana.org\/es\/wp-json\/wp\/v2\/posts\/5911\/revisions\/5990"}],"wp:featuredmedia":[{"embeddable":true,"href":"https:\/\/www.lartesana.org\/es\/wp-json\/wp\/v2\/media\/5909"}],"wp:attachment":[{"href":"https:\/\/www.lartesana.org\/es\/wp-json\/wp\/v2\/media?parent=5911"}],"wp:term":[{"taxonomy":"category","embeddable":true,"href":"https:\/\/www.lartesana.org\/es\/wp-json\/wp\/v2\/categories?post=5911"},{"taxonomy":"post_tag","embeddable":true,"href":"https:\/\/www.lartesana.org\/es\/wp-json\/wp\/v2\/tags?post=5911"}],"curies":[{"name":"wp","href":"https:\/\/api.w.org\/{rel}","templated":true}]}}