{"id":5544,"date":"2024-04-24T14:54:57","date_gmt":"2024-04-24T12:54:57","guid":{"rendered":"https:\/\/www.lartesana.org\/?p=5544"},"modified":"2024-05-25T21:02:11","modified_gmt":"2024-05-25T19:02:11","slug":"concierto-solidario-manos-unidas","status":"publish","type":"post","link":"https:\/\/www.lartesana.org\/es\/concierto-solidario-manos-unidas\/","title":{"rendered":"Concierto Solidario Manos Unidas"},"content":{"rendered":"\n<p>\u00a1La magia del cine se une a la m\u00fasica en un evento \u00fanico! La Sociedad Musical la Artesana de Catarroja se complace en anunciar el esperado concierto ben\u00e9fico organizado por \u00abManos Unidas\u00bb de Catarroja, donde la talentosa Banda Joven \u00abEduardo Tar\u00edn\u00bb, dirigida por Miguel Almarche Pons, nos transportar\u00e1 a trav\u00e9s de las emociones de las bandas sonoras de conocidas pel\u00edculas.<\/p>\n\n\n\n<p>No puedes perderte este espect\u00e1culo que tendr\u00e1 lugar el pr\u00f3ximo 5 de mayo de 2024 a las 19:00 horas en el Teatro Auditorio de Catarroja (TAC). Prep\u00e1rate para ser parte de una experiencia que combina la magia del cine con la pasi\u00f3n de la m\u00fasica interpretada por nuestros virtuosos j\u00f3venes m\u00fasicos.<\/p>\n\n\n\n<p>Adem\u00e1s de disfrutar de las inolvidables melod\u00edas de tus pel\u00edculas favoritas, cada entrada que adquieras contribuir\u00e1 directamente al inestimable trabajo de Manos Unidas de Catarroja, \u00a1una oportunidad \u00fanica para ayudar mientras te diviertes!<\/p>\n\n\n\n<p>No pierdas la ocasi\u00f3n de asegurar tu lugar en este evento extraordinario. El precio es de tan solo 5\u20ac por entrada, una inversi\u00f3n que tendr\u00e1 un impacto significativo en la comunidad.<\/p>\n\n\n\n<p>\u00a1\u00danete a nosotros para una tarde llena de emoci\u00f3n, solidaridad y m\u00fasica inolvidable! \u00a1Te esperamos para compartir juntos este viaje cinematogr\u00e1fico musical!       <em><strong>Fent Artesana \u00a1\u00a1\u00a1<\/strong><\/em><\/p>\n\n\n\n<p>Ajuntament de Catarroja<\/p>\n\n\n\n<p>TAC Catarroja<\/p>\n\n\n\n<p>Manos Unidas de Catarroja<\/p>\n\n\n\n<figure class=\"wp-block-image alignfull size-full\"><img loading=\"lazy\" decoding=\"async\" width=\"1755\" height=\"1241\" src=\"https:\/\/www.lartesana.org\/wp-content\/uploads\/2024\/04\/2024-banda-jove-concert-solidari-banda-jove-MANOS-UNIDAS_page-0001.jpg\" alt=\"\" class=\"wp-image-5539\" srcset=\"https:\/\/www.lartesana.org\/wp-content\/uploads\/2024\/04\/2024-banda-jove-concert-solidari-banda-jove-MANOS-UNIDAS_page-0001.jpg 1755w, https:\/\/www.lartesana.org\/wp-content\/uploads\/2024\/04\/2024-banda-jove-concert-solidari-banda-jove-MANOS-UNIDAS_page-0001-1280x905.jpg 1280w, https:\/\/www.lartesana.org\/wp-content\/uploads\/2024\/04\/2024-banda-jove-concert-solidari-banda-jove-MANOS-UNIDAS_page-0001-980x693.jpg 980w, https:\/\/www.lartesana.org\/wp-content\/uploads\/2024\/04\/2024-banda-jove-concert-solidari-banda-jove-MANOS-UNIDAS_page-0001-480x339.jpg 480w\" sizes=\"(min-width: 0px) and (max-width: 480px) 480px, (min-width: 481px) and (max-width: 980px) 980px, (min-width: 981px) and (max-width: 1280px) 1280px, (min-width: 1281px) 1755px, 100vw\" \/><\/figure>\n","protected":false},"excerpt":{"rendered":"<p>Concierto Solidario Manos Unidas, interpretado por la Banda Jove \u00abMestre Tar\u00edn\u00bb<\/p>\n","protected":false},"author":3,"featured_media":5537,"comment_status":"closed","ping_status":"closed","sticky":true,"template":"","format":"standard","meta":{"_et_pb_use_builder":"off","_et_pb_old_content":"","_et_gb_content_width":"","footnotes":""},"categories":[44],"tags":[],"class_list":["post-5544","post","type-post","status-publish","format-standard","has-post-thumbnail","hentry","category-escuela"],"_links":{"self":[{"href":"https:\/\/www.lartesana.org\/es\/wp-json\/wp\/v2\/posts\/5544","targetHints":{"allow":["GET"]}}],"collection":[{"href":"https:\/\/www.lartesana.org\/es\/wp-json\/wp\/v2\/posts"}],"about":[{"href":"https:\/\/www.lartesana.org\/es\/wp-json\/wp\/v2\/types\/post"}],"author":[{"embeddable":true,"href":"https:\/\/www.lartesana.org\/es\/wp-json\/wp\/v2\/users\/3"}],"replies":[{"embeddable":true,"href":"https:\/\/www.lartesana.org\/es\/wp-json\/wp\/v2\/comments?post=5544"}],"version-history":[{"count":5,"href":"https:\/\/www.lartesana.org\/es\/wp-json\/wp\/v2\/posts\/5544\/revisions"}],"predecessor-version":[{"id":5550,"href":"https:\/\/www.lartesana.org\/es\/wp-json\/wp\/v2\/posts\/5544\/revisions\/5550"}],"wp:featuredmedia":[{"embeddable":true,"href":"https:\/\/www.lartesana.org\/es\/wp-json\/wp\/v2\/media\/5537"}],"wp:attachment":[{"href":"https:\/\/www.lartesana.org\/es\/wp-json\/wp\/v2\/media?parent=5544"}],"wp:term":[{"taxonomy":"category","embeddable":true,"href":"https:\/\/www.lartesana.org\/es\/wp-json\/wp\/v2\/categories?post=5544"},{"taxonomy":"post_tag","embeddable":true,"href":"https:\/\/www.lartesana.org\/es\/wp-json\/wp\/v2\/tags?post=5544"}],"curies":[{"name":"wp","href":"https:\/\/api.w.org\/{rel}","templated":true}]}}