{"id":5520,"date":"2024-04-22T19:41:37","date_gmt":"2024-04-22T17:41:37","guid":{"rendered":"https:\/\/www.lartesana.org\/?p=5520"},"modified":"2024-06-01T21:01:53","modified_gmt":"2024-06-01T19:01:53","slug":"concierto-de-musica-festera","status":"publish","type":"post","link":"https:\/\/www.lartesana.org\/es\/concierto-de-musica-festera\/","title":{"rendered":"Concierto de m\u00fasica festera"},"content":{"rendered":"\n<p>Os dejamos algunas im\u00e1genes del concierto del d\u00eda 14 de abril de 2024, en el que participamos, junto a la Banda Sinf\u00f3nica de la Uni\u00f3n Musical de Catarroja. Concierto organizado por Intercomparsa Catarroja y el Ayuntamiento de Catarroja, con motivo de la declaraci\u00f3n como Fiesta de Inter\u00e9s Tur\u00edstico Provincial de los Moros y Cristianos de Catarroja. Como gran final de este evento, ambas bandas interpretamos conjuntamente el himno Catarroja Cruz y Luna, del compositor Francisco Valor. <a href=\"https:\/\/www.youtube.com\/watch?v=STywqB2rijQ&amp;t=1273s\" data-type=\"link\" data-id=\"https:\/\/www.youtube.com\/watch?v=STywqB2rijQ&amp;t=1273s\">Clica aqui para ver la actuaci\u00f3n de la Banda Sinf\u00f3nica l&#8217;Artesana.<\/a><\/p>\n\n\n\n<p>AJUNTAMENT DE CATARROJA<\/p>\n\n\n\n<p>TAC Catarroja<\/p>\n\n\n\n<p>INTERCOMPARSA CATARROJA<\/p>\n\n\n\n<p><a href=\"https:\/\/youtu.be\/pGScQEZGOIg\" data-type=\"link\" data-id=\"https:\/\/youtu.be\/pGScQEZGOIg\">Clica aqu\u00ed para ver un video resumen del evento<\/a><\/p>\n\n\n\n<figure class=\"wp-block-gallery has-nested-images columns-default is-cropped wp-block-gallery-1 is-layout-flex wp-block-gallery-is-layout-flex\">\n<figure class=\"wp-block-image size-large\"><img loading=\"lazy\" decoding=\"async\" width=\"1600\" height=\"1066\" data-id=\"5518\" src=\"https:\/\/www.lartesana.org\/wp-content\/uploads\/2024\/04\/436350692_945246127606022_2310913496280454977_n.jpg\" alt=\"\" class=\"wp-image-5518\" srcset=\"https:\/\/www.lartesana.org\/wp-content\/uploads\/2024\/04\/436350692_945246127606022_2310913496280454977_n.jpg 1600w, https:\/\/www.lartesana.org\/wp-content\/uploads\/2024\/04\/436350692_945246127606022_2310913496280454977_n-1280x853.jpg 1280w, https:\/\/www.lartesana.org\/wp-content\/uploads\/2024\/04\/436350692_945246127606022_2310913496280454977_n-980x653.jpg 980w, https:\/\/www.lartesana.org\/wp-content\/uploads\/2024\/04\/436350692_945246127606022_2310913496280454977_n-480x320.jpg 480w\" sizes=\"(min-width: 0px) and (max-width: 480px) 480px, (min-width: 481px) and (max-width: 980px) 980px, (min-width: 981px) and (max-width: 1280px) 1280px, (min-width: 1281px) 1600px, 100vw\" \/><\/figure>\n\n\n\n<figure class=\"wp-block-image size-large\"><img loading=\"lazy\" decoding=\"async\" width=\"1600\" height=\"1066\" data-id=\"5516\" src=\"https:\/\/www.lartesana.org\/wp-content\/uploads\/2024\/04\/435721371_945246107606024_687932649471623197_n.jpg\" alt=\"\" class=\"wp-image-5516\" srcset=\"https:\/\/www.lartesana.org\/wp-content\/uploads\/2024\/04\/435721371_945246107606024_687932649471623197_n.jpg 1600w, https:\/\/www.lartesana.org\/wp-content\/uploads\/2024\/04\/435721371_945246107606024_687932649471623197_n-1280x853.jpg 1280w, https:\/\/www.lartesana.org\/wp-content\/uploads\/2024\/04\/435721371_945246107606024_687932649471623197_n-980x653.jpg 980w, https:\/\/www.lartesana.org\/wp-content\/uploads\/2024\/04\/435721371_945246107606024_687932649471623197_n-480x320.jpg 480w\" sizes=\"(min-width: 0px) and (max-width: 480px) 480px, (min-width: 481px) and (max-width: 980px) 980px, (min-width: 981px) and (max-width: 1280px) 1280px, (min-width: 1281px) 1600px, 100vw\" \/><\/figure>\n\n\n\n<figure class=\"wp-block-image size-large\"><img loading=\"lazy\" decoding=\"async\" width=\"960\" height=\"640\" data-id=\"5514\" src=\"https:\/\/www.lartesana.org\/wp-content\/uploads\/2024\/04\/436199424_945245200939448_7067200154947902712_n.jpg\" alt=\"\" class=\"wp-image-5514\" srcset=\"https:\/\/www.lartesana.org\/wp-content\/uploads\/2024\/04\/436199424_945245200939448_7067200154947902712_n.jpg 960w, https:\/\/www.lartesana.org\/wp-content\/uploads\/2024\/04\/436199424_945245200939448_7067200154947902712_n-480x320.jpg 480w\" sizes=\"(min-width: 0px) and (max-width: 480px) 480px, (min-width: 481px) 960px, 100vw\" \/><\/figure>\n\n\n\n<figure class=\"wp-block-image size-large\"><img loading=\"lazy\" decoding=\"async\" width=\"1080\" height=\"720\" data-id=\"5513\" src=\"https:\/\/www.lartesana.org\/wp-content\/uploads\/2024\/04\/438171211_815870507107655_6473951144178475923_n.jpg\" alt=\"\" class=\"wp-image-5513\" srcset=\"https:\/\/www.lartesana.org\/wp-content\/uploads\/2024\/04\/438171211_815870507107655_6473951144178475923_n.jpg 1080w, https:\/\/www.lartesana.org\/wp-content\/uploads\/2024\/04\/438171211_815870507107655_6473951144178475923_n-980x653.jpg 980w, https:\/\/www.lartesana.org\/wp-content\/uploads\/2024\/04\/438171211_815870507107655_6473951144178475923_n-480x320.jpg 480w\" sizes=\"(min-width: 0px) and (max-width: 480px) 480px, (min-width: 481px) and (max-width: 980px) 980px, (min-width: 981px) 1080px, 100vw\" \/><\/figure>\n\n\n\n<figure class=\"wp-block-image size-large\"><img loading=\"lazy\" decoding=\"async\" width=\"797\" height=\"715\" data-id=\"5509\" src=\"https:\/\/www.lartesana.org\/wp-content\/uploads\/2024\/04\/436256177_945248107605824_4232405046937327155_n.jpg\" alt=\"\" class=\"wp-image-5509\" srcset=\"https:\/\/www.lartesana.org\/wp-content\/uploads\/2024\/04\/436256177_945248107605824_4232405046937327155_n.jpg 797w, https:\/\/www.lartesana.org\/wp-content\/uploads\/2024\/04\/436256177_945248107605824_4232405046937327155_n-480x431.jpg 480w\" sizes=\"(min-width: 0px) and (max-width: 480px) 480px, (min-width: 481px) 797px, 100vw\" \/><\/figure>\n\n\n\n<figure class=\"wp-block-image size-large\"><img loading=\"lazy\" decoding=\"async\" width=\"1080\" height=\"608\" data-id=\"5507\" src=\"https:\/\/www.lartesana.org\/wp-content\/uploads\/2024\/04\/435489466_945246134272688_1966755056509381622_n.jpg\" alt=\"\" class=\"wp-image-5507\" srcset=\"https:\/\/www.lartesana.org\/wp-content\/uploads\/2024\/04\/435489466_945246134272688_1966755056509381622_n.jpg 1080w, https:\/\/www.lartesana.org\/wp-content\/uploads\/2024\/04\/435489466_945246134272688_1966755056509381622_n-980x552.jpg 980w, https:\/\/www.lartesana.org\/wp-content\/uploads\/2024\/04\/435489466_945246134272688_1966755056509381622_n-480x270.jpg 480w\" sizes=\"(min-width: 0px) and (max-width: 480px) 480px, (min-width: 481px) and (max-width: 980px) 980px, (min-width: 981px) 1080px, 100vw\" \/><\/figure>\n<\/figure>\n\n\n\n<p><\/p>\n\n\n\n<figure class=\"wp-block-image size-full is-style-rounded\"><img loading=\"lazy\" decoding=\"async\" width=\"1080\" height=\"720\" src=\"https:\/\/www.lartesana.org\/wp-content\/uploads\/2024\/04\/438171211_815870507107655_6473951144178475923_n.jpg\" alt=\"\" class=\"wp-image-5513\" srcset=\"https:\/\/www.lartesana.org\/wp-content\/uploads\/2024\/04\/438171211_815870507107655_6473951144178475923_n.jpg 1080w, https:\/\/www.lartesana.org\/wp-content\/uploads\/2024\/04\/438171211_815870507107655_6473951144178475923_n-980x653.jpg 980w, https:\/\/www.lartesana.org\/wp-content\/uploads\/2024\/04\/438171211_815870507107655_6473951144178475923_n-480x320.jpg 480w\" sizes=\"(min-width: 0px) and (max-width: 480px) 480px, (min-width: 481px) and (max-width: 980px) 980px, (min-width: 981px) 1080px, 100vw\" \/><\/figure>\n","protected":false},"excerpt":{"rendered":"<p>Cr\u00f3nica del concierto de musica festera del d\u00eda 14 de abril de 2024<\/p>\n","protected":false},"author":3,"featured_media":5396,"comment_status":"closed","ping_status":"closed","sticky":true,"template":"","format":"standard","meta":{"_et_pb_use_builder":"off","_et_pb_old_content":"","_et_gb_content_width":"","footnotes":""},"categories":[42],"tags":[],"class_list":["post-5520","post","type-post","status-publish","format-standard","has-post-thumbnail","hentry","category-societat-2-es"],"_links":{"self":[{"href":"https:\/\/www.lartesana.org\/es\/wp-json\/wp\/v2\/posts\/5520","targetHints":{"allow":["GET"]}}],"collection":[{"href":"https:\/\/www.lartesana.org\/es\/wp-json\/wp\/v2\/posts"}],"about":[{"href":"https:\/\/www.lartesana.org\/es\/wp-json\/wp\/v2\/types\/post"}],"author":[{"embeddable":true,"href":"https:\/\/www.lartesana.org\/es\/wp-json\/wp\/v2\/users\/3"}],"replies":[{"embeddable":true,"href":"https:\/\/www.lartesana.org\/es\/wp-json\/wp\/v2\/comments?post=5520"}],"version-history":[{"count":4,"href":"https:\/\/www.lartesana.org\/es\/wp-json\/wp\/v2\/posts\/5520\/revisions"}],"predecessor-version":[{"id":5527,"href":"https:\/\/www.lartesana.org\/es\/wp-json\/wp\/v2\/posts\/5520\/revisions\/5527"}],"wp:featuredmedia":[{"embeddable":true,"href":"https:\/\/www.lartesana.org\/es\/wp-json\/wp\/v2\/media\/5396"}],"wp:attachment":[{"href":"https:\/\/www.lartesana.org\/es\/wp-json\/wp\/v2\/media?parent=5520"}],"wp:term":[{"taxonomy":"category","embeddable":true,"href":"https:\/\/www.lartesana.org\/es\/wp-json\/wp\/v2\/categories?post=5520"},{"taxonomy":"post_tag","embeddable":true,"href":"https:\/\/www.lartesana.org\/es\/wp-json\/wp\/v2\/tags?post=5520"}],"curies":[{"name":"wp","href":"https:\/\/api.w.org\/{rel}","templated":true}]}}