{"id":5439,"date":"2024-04-16T00:16:33","date_gmt":"2024-04-15T22:16:33","guid":{"rendered":"https:\/\/www.lartesana.org\/?p=5439"},"modified":"2024-04-16T00:45:36","modified_gmt":"2024-04-15T22:45:36","slug":"concert-de-primavera-de-la-orquestra","status":"publish","type":"post","link":"https:\/\/www.lartesana.org\/es\/concert-de-primavera-de-la-orquestra\/","title":{"rendered":"Concierto de Primavera de la Orquesta"},"content":{"rendered":"\n<p>\u00a1La m\u00fasica florece este domingo en Catarroja! La Societat Musical l\u2019Artesana tiene el placer de invitarles a su esperado concierto de primavera, presentado por nuestra Orquesta.<\/p>\n\n\n\n<p>El evento se llevar\u00e1 a cabo el pr\u00f3ximo domingo, d\u00eda 21 de abril, a las 12:00 en la acogedora iglesia de San Antonio de Padua de Catarroja. \u00a1Prep\u00e1rense para deleitarse con un repertorio cautivador que seguramente encantar\u00e1 sus sentidos!<\/p>\n\n\n\n<p>Bajo la batuta de su director titular Mario Torres Mas, la Orquesta interpretar\u00e1 un repertorio cuidadosamente seleccionado para este concierto.<\/p>\n\n\n\n<p>La entrada para este evento especial es gratuita hasta completar aforo. \u00a1Acomp\u00e1\u00f1enos en una jornada musical llena de emociones y celebraci\u00f3n de la llegada de la primavera!<\/p>\n\n\n\n<p>\u00a1No se pierdan esta oportunidad de disfrutar de la m\u00fasica en vivo en un entorno \u00fanico! \u00a1Los esperamos para compartir esta experiencia inolvidable junto a la Orquesta de la Societat Musical l\u2019Artesana!<\/p>\n\n\n\n<figure class=\"wp-block-image aligncenter size-full is-resized\"><img loading=\"lazy\" decoding=\"async\" width=\"1131\" height=\"1600\" src=\"https:\/\/www.lartesana.org\/wp-content\/uploads\/2024\/04\/2024-concert-orquestra-en-sant-antoni-Imagen-de-WhatsApp-2024-04-15-a-las-14.20.25_82ddadbb.jpg\" alt=\"\" class=\"wp-image-5446\" style=\"width:495px;height:auto\" srcset=\"https:\/\/www.lartesana.org\/wp-content\/uploads\/2024\/04\/2024-concert-orquestra-en-sant-antoni-Imagen-de-WhatsApp-2024-04-15-a-las-14.20.25_82ddadbb.jpg 1131w, https:\/\/www.lartesana.org\/wp-content\/uploads\/2024\/04\/2024-concert-orquestra-en-sant-antoni-Imagen-de-WhatsApp-2024-04-15-a-las-14.20.25_82ddadbb-980x1386.jpg 980w, https:\/\/www.lartesana.org\/wp-content\/uploads\/2024\/04\/2024-concert-orquestra-en-sant-antoni-Imagen-de-WhatsApp-2024-04-15-a-las-14.20.25_82ddadbb-480x679.jpg 480w\" sizes=\"(min-width: 0px) and (max-width: 480px) 480px, (min-width: 481px) and (max-width: 980px) 980px, (min-width: 981px) 1131px, 100vw\" \/><\/figure>\n\n\n\n<p><\/p>\n","protected":false},"excerpt":{"rendered":"<p>Concert de Primavera de l&#8217;Orquestra de la S.M. l&#8217;Artesana<\/p>\n","protected":false},"author":3,"featured_media":5443,"comment_status":"closed","ping_status":"closed","sticky":true,"template":"","format":"standard","meta":{"_et_pb_use_builder":"off","_et_pb_old_content":"","_et_gb_content_width":"","footnotes":""},"categories":[9,11],"tags":[],"class_list":["post-5439","post","type-post","status-publish","format-standard","has-post-thumbnail","hentry","category-agrupacions","category-orquestra"],"_links":{"self":[{"href":"https:\/\/www.lartesana.org\/es\/wp-json\/wp\/v2\/posts\/5439","targetHints":{"allow":["GET"]}}],"collection":[{"href":"https:\/\/www.lartesana.org\/es\/wp-json\/wp\/v2\/posts"}],"about":[{"href":"https:\/\/www.lartesana.org\/es\/wp-json\/wp\/v2\/types\/post"}],"author":[{"embeddable":true,"href":"https:\/\/www.lartesana.org\/es\/wp-json\/wp\/v2\/users\/3"}],"replies":[{"embeddable":true,"href":"https:\/\/www.lartesana.org\/es\/wp-json\/wp\/v2\/comments?post=5439"}],"version-history":[{"count":6,"href":"https:\/\/www.lartesana.org\/es\/wp-json\/wp\/v2\/posts\/5439\/revisions"}],"predecessor-version":[{"id":5458,"href":"https:\/\/www.lartesana.org\/es\/wp-json\/wp\/v2\/posts\/5439\/revisions\/5458"}],"wp:featuredmedia":[{"embeddable":true,"href":"https:\/\/www.lartesana.org\/es\/wp-json\/wp\/v2\/media\/5443"}],"wp:attachment":[{"href":"https:\/\/www.lartesana.org\/es\/wp-json\/wp\/v2\/media?parent=5439"}],"wp:term":[{"taxonomy":"category","embeddable":true,"href":"https:\/\/www.lartesana.org\/es\/wp-json\/wp\/v2\/categories?post=5439"},{"taxonomy":"post_tag","embeddable":true,"href":"https:\/\/www.lartesana.org\/es\/wp-json\/wp\/v2\/tags?post=5439"}],"curies":[{"name":"wp","href":"https:\/\/api.w.org\/{rel}","templated":true}]}}