{"id":5382,"date":"2024-04-09T18:04:19","date_gmt":"2024-04-09T16:04:19","guid":{"rendered":"https:\/\/www.lartesana.org\/la-banda-joven-e-tarin-en-el-mestalla\/"},"modified":"2024-06-01T21:12:51","modified_gmt":"2024-06-01T19:12:51","slug":"la-banda-joven-e-tarin-en-el-mestalla","status":"publish","type":"post","link":"https:\/\/www.lartesana.org\/es\/la-banda-joven-e-tarin-en-el-mestalla\/","title":{"rendered":"La Banda Joven \u00abE. Tar\u00edn\u00bb en el Mestalla"},"content":{"rendered":"\n<p>Aqu\u00ed os dejamos algunas im\u00e1genes de la actuaci\u00f3n de nuestra Banda Jove del pasado d\u00eda 5 de abril en el campo de f\u00fatbol de Mestalla. Enhorabuena a todos y todas!<\/p>\n\n<figure class=\"wp-block-image size-large\"><img loading=\"lazy\" decoding=\"async\" width=\"2000\" height=\"1500\" src=\"https:\/\/www.lartesana.org\/wp-content\/uploads\/2024\/04\/grup-433942370_930967899038842_7711657793859840983_n-2000x1500.jpg\" alt=\"\" class=\"wp-image-5389\" srcset=\"https:\/\/www.lartesana.org\/wp-content\/uploads\/2024\/04\/grup-433942370_930967899038842_7711657793859840983_n-2000x1500.jpg 2000w, https:\/\/www.lartesana.org\/wp-content\/uploads\/2024\/04\/grup-433942370_930967899038842_7711657793859840983_n-1280x960.jpg 1280w, https:\/\/www.lartesana.org\/wp-content\/uploads\/2024\/04\/grup-433942370_930967899038842_7711657793859840983_n-980x735.jpg 980w, https:\/\/www.lartesana.org\/wp-content\/uploads\/2024\/04\/grup-433942370_930967899038842_7711657793859840983_n-480x360.jpg 480w\" sizes=\"(min-width: 0px) and (max-width: 480px) 480px, (min-width: 481px) and (max-width: 980px) 980px, (min-width: 981px) and (max-width: 1280px) 1280px, (min-width: 1281px) 2000px, 100vw\" \/><\/figure>\n\n<figure class=\"wp-block-gallery has-nested-images columns-default is-cropped wp-block-gallery-1 is-layout-flex wp-block-gallery-is-layout-flex\">\n<figure class=\"wp-block-image size-large\"><img loading=\"lazy\" decoding=\"async\" width=\"2000\" height=\"1500\" data-id=\"5374\" src=\"https:\/\/www.lartesana.org\/wp-content\/uploads\/2024\/04\/435101385_930943965707902_6255267700021300754_n-2000x1500.jpg\" alt=\"\" class=\"wp-image-5374\" srcset=\"https:\/\/www.lartesana.org\/wp-content\/uploads\/2024\/04\/435101385_930943965707902_6255267700021300754_n-2000x1500.jpg 2000w, https:\/\/www.lartesana.org\/wp-content\/uploads\/2024\/04\/435101385_930943965707902_6255267700021300754_n-1280x960.jpg 1280w, https:\/\/www.lartesana.org\/wp-content\/uploads\/2024\/04\/435101385_930943965707902_6255267700021300754_n-980x735.jpg 980w, https:\/\/www.lartesana.org\/wp-content\/uploads\/2024\/04\/435101385_930943965707902_6255267700021300754_n-480x360.jpg 480w\" sizes=\"(min-width: 0px) and (max-width: 480px) 480px, (min-width: 481px) and (max-width: 980px) 980px, (min-width: 981px) and (max-width: 1280px) 1280px, (min-width: 1281px) 2000px, 100vw\" \/><\/figure>\n\n\n\n<figure class=\"wp-block-image size-large\"><img loading=\"lazy\" decoding=\"async\" width=\"1536\" height=\"1229\" data-id=\"5373\" src=\"https:\/\/www.lartesana.org\/wp-content\/uploads\/2024\/04\/434074259_818288683666628_6303188379548658556_n.jpg\" alt=\"\" class=\"wp-image-5373\" srcset=\"https:\/\/www.lartesana.org\/wp-content\/uploads\/2024\/04\/434074259_818288683666628_6303188379548658556_n.jpg 1536w, https:\/\/www.lartesana.org\/wp-content\/uploads\/2024\/04\/434074259_818288683666628_6303188379548658556_n-1280x1024.jpg 1280w, https:\/\/www.lartesana.org\/wp-content\/uploads\/2024\/04\/434074259_818288683666628_6303188379548658556_n-980x784.jpg 980w, https:\/\/www.lartesana.org\/wp-content\/uploads\/2024\/04\/434074259_818288683666628_6303188379548658556_n-480x384.jpg 480w\" sizes=\"(min-width: 0px) and (max-width: 480px) 480px, (min-width: 481px) and (max-width: 980px) 980px, (min-width: 981px) and (max-width: 1280px) 1280px, (min-width: 1281px) 1536px, 100vw\" \/><\/figure>\n\n\n\n<figure class=\"wp-block-image size-large\"><img loading=\"lazy\" decoding=\"async\" width=\"1500\" height=\"2000\" data-id=\"5369\" src=\"https:\/\/www.lartesana.org\/wp-content\/uploads\/2024\/04\/435112530_930943925707906_1382442788587334152_n-1500x2000.jpg\" alt=\"\" class=\"wp-image-5369\" srcset=\"https:\/\/www.lartesana.org\/wp-content\/uploads\/2024\/04\/435112530_930943925707906_1382442788587334152_n-1500x2000.jpg 1500w, https:\/\/www.lartesana.org\/wp-content\/uploads\/2024\/04\/435112530_930943925707906_1382442788587334152_n-1280x1707.jpg 1280w, https:\/\/www.lartesana.org\/wp-content\/uploads\/2024\/04\/435112530_930943925707906_1382442788587334152_n-980x1307.jpg 980w, https:\/\/www.lartesana.org\/wp-content\/uploads\/2024\/04\/435112530_930943925707906_1382442788587334152_n-480x640.jpg 480w\" sizes=\"(min-width: 0px) and (max-width: 480px) 480px, (min-width: 481px) and (max-width: 980px) 980px, (min-width: 981px) and (max-width: 1280px) 1280px, (min-width: 1281px) 1500px, 100vw\" \/><\/figure>\n\n\n\n<figure class=\"wp-block-image size-large is-style-default\"><img loading=\"lazy\" decoding=\"async\" width=\"1200\" height=\"1600\" data-id=\"5368\" src=\"https:\/\/www.lartesana.org\/wp-content\/uploads\/2024\/04\/435075934_930943989041233_2205403176348156232_n.jpg\" alt=\"\" class=\"wp-image-5368\" srcset=\"https:\/\/www.lartesana.org\/wp-content\/uploads\/2024\/04\/435075934_930943989041233_2205403176348156232_n.jpg 1200w, https:\/\/www.lartesana.org\/wp-content\/uploads\/2024\/04\/435075934_930943989041233_2205403176348156232_n-980x1307.jpg 980w, https:\/\/www.lartesana.org\/wp-content\/uploads\/2024\/04\/435075934_930943989041233_2205403176348156232_n-480x640.jpg 480w\" sizes=\"(min-width: 0px) and (max-width: 480px) 480px, (min-width: 481px) and (max-width: 980px) 980px, (min-width: 981px) 1200px, 100vw\" \/><\/figure>\n<\/figure>\n","protected":false},"excerpt":{"rendered":"<p>Aqu\u00ed os dejamos algunas im\u00e1genes de la actuaci\u00f3n de nuestra Banda Jove del pasado d\u00eda 5 de abril en el campo de f\u00fatbol de Mestalla. Enhorabuena a todos y todas!<\/p>\n","protected":false},"author":3,"featured_media":5103,"comment_status":"closed","ping_status":"closed","sticky":true,"template":"","format":"standard","meta":{"_et_pb_use_builder":"off","_et_pb_old_content":"","_et_gb_content_width":"","footnotes":""},"categories":[29,44],"tags":[],"class_list":["post-5382","post","type-post","status-publish","format-standard","has-post-thumbnail","hentry","category-banda-juvenil-2","category-escuela"],"_links":{"self":[{"href":"https:\/\/www.lartesana.org\/es\/wp-json\/wp\/v2\/posts\/5382","targetHints":{"allow":["GET"]}}],"collection":[{"href":"https:\/\/www.lartesana.org\/es\/wp-json\/wp\/v2\/posts"}],"about":[{"href":"https:\/\/www.lartesana.org\/es\/wp-json\/wp\/v2\/types\/post"}],"author":[{"embeddable":true,"href":"https:\/\/www.lartesana.org\/es\/wp-json\/wp\/v2\/users\/3"}],"replies":[{"embeddable":true,"href":"https:\/\/www.lartesana.org\/es\/wp-json\/wp\/v2\/comments?post=5382"}],"version-history":[{"count":5,"href":"https:\/\/www.lartesana.org\/es\/wp-json\/wp\/v2\/posts\/5382\/revisions"}],"predecessor-version":[{"id":6281,"href":"https:\/\/www.lartesana.org\/es\/wp-json\/wp\/v2\/posts\/5382\/revisions\/6281"}],"wp:featuredmedia":[{"embeddable":true,"href":"https:\/\/www.lartesana.org\/es\/wp-json\/wp\/v2\/media\/5103"}],"wp:attachment":[{"href":"https:\/\/www.lartesana.org\/es\/wp-json\/wp\/v2\/media?parent=5382"}],"wp:term":[{"taxonomy":"category","embeddable":true,"href":"https:\/\/www.lartesana.org\/es\/wp-json\/wp\/v2\/categories?post=5382"},{"taxonomy":"post_tag","embeddable":true,"href":"https:\/\/www.lartesana.org\/es\/wp-json\/wp\/v2\/tags?post=5382"}],"curies":[{"name":"wp","href":"https:\/\/api.w.org\/{rel}","templated":true}]}}