{"id":5348,"date":"2024-04-04T21:14:23","date_gmt":"2024-04-04T19:14:23","guid":{"rendered":"https:\/\/www.lartesana.org\/concert-de-musica-festera\/"},"modified":"2024-04-10T21:12:21","modified_gmt":"2024-04-10T19:12:21","slug":"concert-de-musica-festera","status":"publish","type":"post","link":"https:\/\/www.lartesana.org\/es\/concert-de-musica-festera\/","title":{"rendered":"Concert de m\u00fasica festera"},"content":{"rendered":"\n<p>\u00a1Una cita ineludible para los amantes de la m\u00fasica festera est\u00e1 a punto de llegar este domingo 14 de abril de 2024! La Banda Sinf\u00f3nica de nuestra Sociedad Musical l&#8217;Artesana; dirigida por Ximo Arias; participar\u00e1 en el concierto \u00abMano mano\u00bb junto con la banda sinf\u00f3nica de la Sociedad Musical la Uni\u00f3 Musical de Catarroja; dirigida por Natalia Monta\u00f1\u00e9s. Un emocionante concierto que tendr\u00e1 lugar en el Teatro Auditorio de Catarroja a las 18:00 horas.<\/p>\n\n\n\n<p>La emoci\u00f3n se elevar\u00e1 con cada nota mientras ambas bandas interpretar\u00e1n diversas marchas moras, marchas cristianas y pasodobles contrabandistas, sumergiendo al p\u00fablico en la rica tradici\u00f3n festera. Y como broche final, ambas bandas se unir\u00e1n para interpretar el Himno \u00abCatarroja Creu i Lluna\u00bb, consolidando as\u00ed una velada llena de armon\u00eda, celebraci\u00f3n y orgullo por nuestras ra\u00edces.<\/p>\n\n\n\n<p>El evento ser\u00e1 a\u00fan m\u00e1s especial con el estreno de \u00abCatarroja Creu i Lluna\u00bb, himno oficial de las Fiestas de Moros y Cristianos de Catarroja una obra magistral con m\u00fasica de Fco Valor Llorens y letra de David Jorge Garc\u00eda. \u00a1No te pierdas este espectacular concierto que promete deleitar a todos los presentes con la magia de la fiesta de moros y cristianos recientemente declarada como Fiesta de Inter\u00e9s Tur\u00edstico Provincial de la Comunitat Valenciana!<\/p>\n\n\n\n<p>La entrada es libre hasta completar aforo.<\/p>\n\n\n\n<p>Ayuntamiento de Catarroja<\/p>\n\n\n\n<p>Intercomparsa Catarroja<\/p>\n\n\n\n<p>Cultura Diputaci\u00f3 de Valencia<\/p>\n\n\n\n<figure class=\"wp-block-image size-full is-resized\"><img loading=\"lazy\" decoding=\"async\" width=\"894\" height=\"1270\" src=\"https:\/\/www.lartesana.org\/wp-content\/uploads\/2024\/04\/cartell-intercomparsa.jpg\" alt=\"\" class=\"wp-image-5329\" style=\"width:598px;height:auto\" srcset=\"https:\/\/www.lartesana.org\/wp-content\/uploads\/2024\/04\/cartell-intercomparsa.jpg 894w, https:\/\/www.lartesana.org\/wp-content\/uploads\/2024\/04\/cartell-intercomparsa-480x682.jpg 480w\" sizes=\"(min-width: 0px) and (max-width: 480px) 480px, (min-width: 481px) 894px, 100vw\" \/><\/figure>\n","protected":false},"excerpt":{"rendered":"<p>Concert de m\u00fasica Festera<\/p>\n","protected":false},"author":3,"featured_media":5396,"comment_status":"closed","ping_status":"closed","sticky":false,"template":"","format":"standard","meta":{"_et_pb_use_builder":"off","_et_pb_old_content":"<!-- wp:paragraph -->\n<p>\u00a1Una cita ineludible per als amants de la m\u00fasica festera est\u00e0 a punt d'arribar este diumenge 14 d'abril de 2024! La Banda Simf\u00f2nica de la nostra Societat Musical l'Artesana; dirigida per Ximo Arias; participar\u00e0 en el concert \"M\u00e0 m\u00e0\" juntament amb la banda simf\u00f2nica de la Societat Musical la Uni\u00f3 Musical de Catarroja; dirigida per Natalia Monta\u00f1\u00e9s. Un emocionant concert que tindr\u00e0 lloc en el Teatre Auditori de Catarroja a les 18.00 hores.<\/p>\n<!-- \/wp:paragraph -->\n\n<!-- wp:paragraph -->\n<p>L'emoci\u00f3 s'elevar\u00e0 amb cada nota mentres totes dues bandes interpretaran diverses marxes mores, marxes cristianes i pasdobles contrabandistes, submergint al p\u00fablic en la rica tradici\u00f3 festera. I com a fermall final, totes dues bandes s'uniran per a interpretar l'Himne \"Catarroja *Creu i Lluna\", consolidant aix\u00ed una vetlada plena d'harmonia, celebraci\u00f3 i orgull per les nostres arrels.<\/p>\n<!-- \/wp:paragraph -->\n\n<!-- wp:paragraph -->\n<p>L'esdeveniment ser\u00e0 encara m\u00e9s especial amb l'estrena de \"Catarroja Creu i Lluna\", himne oficial de les Festes de Moros i Cristians de Catarroja una obra magistral amb m\u00fasica de Fco Valor Llorens i lletra de David Jorge Garc\u00eda. No et perdes este espectacular concert que promet delectar a tots els presents amb la m\u00e0gia de la festa de moros i cristians recentment declarada com a Festa d'Inter\u00e9s Tur\u00edstic Provincial de la Comunitat Valenciana!<\/p>\n<!-- \/wp:paragraph -->\n\n<!-- wp:paragraph -->\n<p>L'entrada \u00e9s lliure fins a completar aforament.<\/p>\n<!-- \/wp:paragraph -->\n\n<!-- wp:paragraph -->\n<p>Ayuntamiento de Catarroja<\/p>\n<!-- \/wp:paragraph -->\n\n<!-- wp:paragraph -->\n<p>Intercomparsa Catarroja<\/p>\n<!-- \/wp:paragraph -->\n\n<!-- wp:paragraph -->\n<p>Cultura Diputaci\u00f3 de Valencia<\/p>\n<!-- \/wp:paragraph -->\n\n<!-- wp:gallery {\"linkTo\":\"none\"} -->\n<figure class=\"wp-block-gallery has-nested-images columns-default is-cropped\"><!-- wp:image {\"align\":\"center\",\"id\":5329,\"sizeSlug\":\"large\",\"linkDestination\":\"none\"} -->\n<figure class=\"wp-block-image aligncenter size-large\"><img src=\"https:\/\/www.lartesana.org\/wp-content\/uploads\/2024\/04\/cartell-intercomparsa.jpg\" alt=\"\" class=\"wp-image-5329\"\/><\/figure>\n<!-- \/wp:image --><\/figure>\n<!-- \/wp:gallery -->","_et_gb_content_width":"","footnotes":""},"categories":[42],"tags":[],"class_list":["post-5348","post","type-post","status-publish","format-standard","has-post-thumbnail","hentry","category-societat-2-es"],"_links":{"self":[{"href":"https:\/\/www.lartesana.org\/es\/wp-json\/wp\/v2\/posts\/5348","targetHints":{"allow":["GET"]}}],"collection":[{"href":"https:\/\/www.lartesana.org\/es\/wp-json\/wp\/v2\/posts"}],"about":[{"href":"https:\/\/www.lartesana.org\/es\/wp-json\/wp\/v2\/types\/post"}],"author":[{"embeddable":true,"href":"https:\/\/www.lartesana.org\/es\/wp-json\/wp\/v2\/users\/3"}],"replies":[{"embeddable":true,"href":"https:\/\/www.lartesana.org\/es\/wp-json\/wp\/v2\/comments?post=5348"}],"version-history":[{"count":9,"href":"https:\/\/www.lartesana.org\/es\/wp-json\/wp\/v2\/posts\/5348\/revisions"}],"predecessor-version":[{"id":5409,"href":"https:\/\/www.lartesana.org\/es\/wp-json\/wp\/v2\/posts\/5348\/revisions\/5409"}],"wp:featuredmedia":[{"embeddable":true,"href":"https:\/\/www.lartesana.org\/es\/wp-json\/wp\/v2\/media\/5396"}],"wp:attachment":[{"href":"https:\/\/www.lartesana.org\/es\/wp-json\/wp\/v2\/media?parent=5348"}],"wp:term":[{"taxonomy":"category","embeddable":true,"href":"https:\/\/www.lartesana.org\/es\/wp-json\/wp\/v2\/categories?post=5348"},{"taxonomy":"post_tag","embeddable":true,"href":"https:\/\/www.lartesana.org\/es\/wp-json\/wp\/v2\/tags?post=5348"}],"curies":[{"name":"wp","href":"https:\/\/api.w.org\/{rel}","templated":true}]}}