{"id":4553,"date":"2016-03-07T23:22:44","date_gmt":"2016-03-07T22:22:44","guid":{"rendered":"https:\/\/www.lartesana.org\/concierto-extraordinario\/"},"modified":"2024-06-03T16:53:15","modified_gmt":"2024-06-03T14:53:15","slug":"concierto-extraordinario","status":"publish","type":"post","link":"https:\/\/www.lartesana.org\/es\/concierto-extraordinario\/","title":{"rendered":"Concierto extraordinario"},"content":{"rendered":"<p><b>El pr\u00f3ximo s\u00e1bado, 12 de de marzo de 2016,a las 19 horas, \u00a0la Banda Sinf\u00f3nica de la Societat Musical l&#8217;Artesana nos ofrecer\u00e1 un concierto extraordinario en el sal\u00f3n de actos de nuestra sociedad musical. <\/b><\/p>\n<p><b>Os invitamos a que veng\u00e1is a disfrutar de un rato de buena m\u00fasica y a animar a nuestros m\u00fasicos.<\/b><\/p>\n<p style=\"text-align: center;\"><a href=\"http:\/\/www.lartesana.org\/wp-content\/uploads\/2016\/03\/Programa-Artesana-12-Mar\u00e7-2016.jpg\"><img loading=\"lazy\" decoding=\"async\" class=\"aligncenter  wp-image-1900\" alt=\"Programa Artesana 12 Mar\u00e7 2016\" src=\"http:\/\/www.lartesana.org\/wp-content\/uploads\/2016\/03\/Programa-Artesana-12-Mar\u00e7-2016.jpg\" width=\"595\" height=\"842\" srcset=\"https:\/\/www.lartesana.org\/wp-content\/uploads\/2016\/03\/Programa-Artesana-12-Mar\u00e7-2016.jpg 1653w, https:\/\/www.lartesana.org\/wp-content\/uploads\/2016\/03\/Programa-Artesana-12-Mar\u00e7-2016-706x1000.jpg 706w, https:\/\/www.lartesana.org\/wp-content\/uploads\/2016\/03\/Programa-Artesana-12-Mar\u00e7-2016-1413x2000.jpg 1413w\" sizes=\"(max-width: 595px) 100vw, 595px\" \/><a href=\"http:\/\/www.lartesana.org\/wp-content\/uploads\/2016\/03\/12342352_10205189604684014_5871125810044758471_n.jpg\"><img loading=\"lazy\" decoding=\"async\" class=\"aligncenter  wp-image-1905\" alt=\"12342352_10205189604684014_5871125810044758471_n\" src=\"http:\/\/www.lartesana.org\/wp-content\/uploads\/2016\/03\/12342352_10205189604684014_5871125810044758471_n.jpg\" width=\"672\" height=\"448\" srcset=\"https:\/\/www.lartesana.org\/wp-content\/uploads\/2016\/03\/12342352_10205189604684014_5871125810044758471_n.jpg 960w, https:\/\/www.lartesana.org\/wp-content\/uploads\/2016\/03\/12342352_10205189604684014_5871125810044758471_n-140x94.jpg 140w\" sizes=\"(max-width: 672px) 100vw, 672px\" \/><\/a><\/a><\/p>\n","protected":false},"excerpt":{"rendered":"<p>El pr\u00f3ximo s\u00e1bado, 12 de de marzo de 2016,a las 19 horas, \u00a0la Banda Sinf\u00f3nica de la Societat Musical l&#8217;Artesana nos ofrecer\u00e1 un concierto extraordinario en el sal\u00f3n de actos de nuestra sociedad musical. Os invitamos a que veng\u00e1is a disfrutar de un rato de buena m\u00fasica y a animar a nuestros m\u00fasicos.<\/p>\n","protected":false},"author":1,"featured_media":1570,"comment_status":"closed","ping_status":"closed","sticky":false,"template":"","format":"standard","meta":{"_et_pb_use_builder":"off","_et_pb_old_content":"","_et_gb_content_width":"","footnotes":""},"categories":[9,10,42],"tags":[],"class_list":["post-4553","post","type-post","status-publish","format-standard","has-post-thumbnail","hentry","category-agrupacions","category-banda-sinfonica","category-societat-2-es"],"_links":{"self":[{"href":"https:\/\/www.lartesana.org\/es\/wp-json\/wp\/v2\/posts\/4553","targetHints":{"allow":["GET"]}}],"collection":[{"href":"https:\/\/www.lartesana.org\/es\/wp-json\/wp\/v2\/posts"}],"about":[{"href":"https:\/\/www.lartesana.org\/es\/wp-json\/wp\/v2\/types\/post"}],"author":[{"embeddable":true,"href":"https:\/\/www.lartesana.org\/es\/wp-json\/wp\/v2\/users\/1"}],"replies":[{"embeddable":true,"href":"https:\/\/www.lartesana.org\/es\/wp-json\/wp\/v2\/comments?post=4553"}],"version-history":[{"count":1,"href":"https:\/\/www.lartesana.org\/es\/wp-json\/wp\/v2\/posts\/4553\/revisions"}],"predecessor-version":[{"id":6370,"href":"https:\/\/www.lartesana.org\/es\/wp-json\/wp\/v2\/posts\/4553\/revisions\/6370"}],"wp:featuredmedia":[{"embeddable":true,"href":"https:\/\/www.lartesana.org\/es\/wp-json\/wp\/v2\/media\/1570"}],"wp:attachment":[{"href":"https:\/\/www.lartesana.org\/es\/wp-json\/wp\/v2\/media?parent=4553"}],"wp:term":[{"taxonomy":"category","embeddable":true,"href":"https:\/\/www.lartesana.org\/es\/wp-json\/wp\/v2\/categories?post=4553"},{"taxonomy":"post_tag","embeddable":true,"href":"https:\/\/www.lartesana.org\/es\/wp-json\/wp\/v2\/tags?post=4553"}],"curies":[{"name":"wp","href":"https:\/\/api.w.org\/{rel}","templated":true}]}}