{"id":4551,"date":"2016-02-18T22:08:02","date_gmt":"2016-02-18T21:08:02","guid":{"rendered":"https:\/\/www.lartesana.org\/x-encuentro-orquestas-horta-sud\/"},"modified":"2016-02-18T22:08:02","modified_gmt":"2016-02-18T21:08:02","slug":"x-encuentro-orquestas-horta-sud","status":"publish","type":"post","link":"https:\/\/www.lartesana.org\/es\/x-encuentro-orquestas-horta-sud\/","title":{"rendered":"X  Encuentro Orquestas Horta Sud"},"content":{"rendered":"<p style=\"text-align: justify;\">El pr\u00f3ximo domingo, d\u00eda 21 de febrero tindr\u00e1 lugar en Paiporta la X Trobada d&#8217;Orquestres de l&#8217;Horta Sud.<\/p>\n<p style=\"text-align: justify;\">El evento comenzar\u00e1 a las 10:30 horas, si bien la Orquesta de la S.M. l&#8217;Artesana actuar\u00e1 por la tarde.<\/p>\n<p style=\"text-align: justify;\">Os esperamos para disfrutar de buena \u00a0m\u00fasica y animar a los m\u00fasicos de nuestra orquesta.<\/p>\n<p style=\"text-align: center;\"><a href=\"http:\/\/www.lartesana.org\/wp-content\/uploads\/2016\/02\/2016-Cartel-Trobada-orquestres3.jpg\"><img loading=\"lazy\" decoding=\"async\" class=\"aligncenter  wp-image-1894\" alt=\"2016 Cartel Trobada orquestres\" src=\"http:\/\/www.lartesana.org\/wp-content\/uploads\/2016\/02\/2016-Cartel-Trobada-orquestres3.jpg\" width=\"560\" height=\"827\" \/><\/a><\/p>\n","protected":false},"excerpt":{"rendered":"<p>El pr\u00f3ximo domingo, d\u00eda 21 de febrero tindr\u00e1 lugar en Paiporta la X Trobada d&#8217;Orquestres de l&#8217;Horta Sud. El evento comenzar\u00e1 a las 10:30 horas, si bien la Orquesta de la S.M. l&#8217;Artesana actuar\u00e1 por la tarde. Os esperamos para disfrutar de buena \u00a0m\u00fasica y animar a los m\u00fasicos de nuestra orquesta.<\/p>\n","protected":false},"author":1,"featured_media":1140,"comment_status":"open","ping_status":"open","sticky":false,"template":"","format":"standard","meta":{"_et_pb_use_builder":"","_et_pb_old_content":"","_et_gb_content_width":"","footnotes":""},"categories":[9,11],"tags":[],"class_list":["post-4551","post","type-post","status-publish","format-standard","has-post-thumbnail","hentry","category-agrupacions","category-orquestra"],"_links":{"self":[{"href":"https:\/\/www.lartesana.org\/es\/wp-json\/wp\/v2\/posts\/4551","targetHints":{"allow":["GET"]}}],"collection":[{"href":"https:\/\/www.lartesana.org\/es\/wp-json\/wp\/v2\/posts"}],"about":[{"href":"https:\/\/www.lartesana.org\/es\/wp-json\/wp\/v2\/types\/post"}],"author":[{"embeddable":true,"href":"https:\/\/www.lartesana.org\/es\/wp-json\/wp\/v2\/users\/1"}],"replies":[{"embeddable":true,"href":"https:\/\/www.lartesana.org\/es\/wp-json\/wp\/v2\/comments?post=4551"}],"version-history":[{"count":0,"href":"https:\/\/www.lartesana.org\/es\/wp-json\/wp\/v2\/posts\/4551\/revisions"}],"wp:featuredmedia":[{"embeddable":true,"href":"https:\/\/www.lartesana.org\/es\/wp-json\/wp\/v2\/media\/1140"}],"wp:attachment":[{"href":"https:\/\/www.lartesana.org\/es\/wp-json\/wp\/v2\/media?parent=4551"}],"wp:term":[{"taxonomy":"category","embeddable":true,"href":"https:\/\/www.lartesana.org\/es\/wp-json\/wp\/v2\/categories?post=4551"},{"taxonomy":"post_tag","embeddable":true,"href":"https:\/\/www.lartesana.org\/es\/wp-json\/wp\/v2\/tags?post=4551"}],"curies":[{"name":"wp","href":"https:\/\/api.w.org\/{rel}","templated":true}]}}