{"id":4549,"date":"2016-02-17T21:12:57","date_gmt":"2016-02-17T20:12:57","guid":{"rendered":"https:\/\/www.lartesana.org\/intercambio-musical\/"},"modified":"2016-02-17T21:12:57","modified_gmt":"2016-02-17T20:12:57","slug":"intercambio-musical","status":"publish","type":"post","link":"https:\/\/www.lartesana.org\/es\/intercambio-musical\/","title":{"rendered":"Intercambio musical"},"content":{"rendered":"<p style=\"text-align: center;\"><a href=\"http:\/\/www.lartesana.org\/wp-content\/uploads\/2013\/12\/2013-escut-NOU-ESCOLA.png\"><img loading=\"lazy\" decoding=\"async\" class=\"aligncenter  wp-image-1182\" alt=\"2013 escut NOU ESCOLA\" src=\"http:\/\/www.lartesana.org\/wp-content\/uploads\/2013\/12\/2013-escut-NOU-ESCOLA.png\" width=\"403\" height=\"92\" srcset=\"https:\/\/www.lartesana.org\/wp-content\/uploads\/2013\/12\/2013-escut-NOU-ESCOLA.png 1864w, https:\/\/www.lartesana.org\/wp-content\/uploads\/2013\/12\/2013-escut-NOU-ESCOLA-1000x228.png 1000w\" sizes=\"(max-width: 403px) 100vw, 403px\" \/><\/a>El pr\u00f3ximo viernes, d\u00eda 4 de Marzo de 2016, \u00a0la Banda Infantil de la l&#8217;Escola de M\u00fasica l&#8217;Artesana participar\u00e1 en el intercambio musical de escuelas de m\u00fasica con la Societat Musical l&#8217;Armonia de Montroi, a las 19:30 en su sal\u00f3n de actos.<br \/>\nOs esperamos para acompa\u00f1ar y animar a nuestros grandes m\u00fasicos!<\/p>\n<p><img decoding=\"async\" alt=\"\" src=\"https:\/\/scontent-mad1-1.xx.fbcdn.net\/hphotos-xpl1\/t31.0-8\/s960x960\/12473710_1746924468863065_8998684803837467689_o.jpg\" \/><\/p>\n","protected":false},"excerpt":{"rendered":"<p>El pr\u00f3ximo viernes, d\u00eda 4 de Marzo de 2016, \u00a0la Banda Infantil de la l&#8217;Escola de M\u00fasica l&#8217;Artesana participar\u00e1 en el intercambio musical de escuelas de m\u00fasica con la Societat Musical l&#8217;Armonia de Montroi, a las 19:30 en su sal\u00f3n de actos. Os esperamos para acompa\u00f1ar y animar a nuestros grandes m\u00fasicos!<\/p>\n","protected":false},"author":1,"featured_media":1030,"comment_status":"open","ping_status":"open","sticky":false,"template":"","format":"standard","meta":{"_et_pb_use_builder":"","_et_pb_old_content":"","_et_gb_content_width":"","footnotes":""},"categories":[8],"tags":[],"class_list":["post-4549","post","type-post","status-publish","format-standard","has-post-thumbnail","hentry","category-escola"],"_links":{"self":[{"href":"https:\/\/www.lartesana.org\/es\/wp-json\/wp\/v2\/posts\/4549","targetHints":{"allow":["GET"]}}],"collection":[{"href":"https:\/\/www.lartesana.org\/es\/wp-json\/wp\/v2\/posts"}],"about":[{"href":"https:\/\/www.lartesana.org\/es\/wp-json\/wp\/v2\/types\/post"}],"author":[{"embeddable":true,"href":"https:\/\/www.lartesana.org\/es\/wp-json\/wp\/v2\/users\/1"}],"replies":[{"embeddable":true,"href":"https:\/\/www.lartesana.org\/es\/wp-json\/wp\/v2\/comments?post=4549"}],"version-history":[{"count":0,"href":"https:\/\/www.lartesana.org\/es\/wp-json\/wp\/v2\/posts\/4549\/revisions"}],"wp:featuredmedia":[{"embeddable":true,"href":"https:\/\/www.lartesana.org\/es\/wp-json\/wp\/v2\/media\/1030"}],"wp:attachment":[{"href":"https:\/\/www.lartesana.org\/es\/wp-json\/wp\/v2\/media?parent=4549"}],"wp:term":[{"taxonomy":"category","embeddable":true,"href":"https:\/\/www.lartesana.org\/es\/wp-json\/wp\/v2\/categories?post=4549"},{"taxonomy":"post_tag","embeddable":true,"href":"https:\/\/www.lartesana.org\/es\/wp-json\/wp\/v2\/tags?post=4549"}],"curies":[{"name":"wp","href":"https:\/\/api.w.org\/{rel}","templated":true}]}}