{"id":4537,"date":"2015-11-17T20:55:28","date_gmt":"2015-11-17T19:55:28","guid":{"rendered":"https:\/\/www.lartesana.org\/concierto-de-flautas\/"},"modified":"2015-11-17T20:55:28","modified_gmt":"2015-11-17T19:55:28","slug":"concierto-de-flautas","status":"publish","type":"post","link":"https:\/\/www.lartesana.org\/es\/concierto-de-flautas\/","title":{"rendered":"Concierto de flautas"},"content":{"rendered":"<p>Excelente concierto el que nos ofrecieron Juana Guillem y Elisa Ferrer el pasado s\u00e1bado d\u00eda 14 de noviembre en el auditorio del Conservatorio \u201cJose Manuel Izquierdo\u201d de Catarroja.<\/p>\n<p>El concierto, organizado por Juana Guillem y patrocinado por YAMAHA reuni\u00f3 a lo m\u00e1s granado del panorama musical internacional, con figuras como Isabel Vila (Flauta de la Banda Municipal de Valencia), Maria Jos\u00e9 Lloren\u00e7 (Profesora del Conservatorio Municipal de Valencia), M\u00aa Dolores Tom\u00e1s (Catedr\u00e1tica de flauta del Conservatorio Superior de M\u00fasica \u201cJoaqu\u00edn Rodrigo\u201d de Valencia), \u00a0Abel Ald\u00e1s (Profesor de flauta del Conservatorio Jose M. Izquierdo de Catarroja), Federico Peris (Profesor de flauta del Conservatorio Profesional de M\u00fasica de Valencia), Miquel Llopis (Profesor del Conservatorio superior deMusica de Torrent), Elisa Ferrer, Gala Kossakowski y Paula Aguilar<\/p>\n<div>\n<h1><\/h1>\n<p style=\"text-align: center;\"><a href=\"http:\/\/www.lartesana.org\/wp-content\/uploads\/2015\/11\/CONCERT-FLAUTES-SANTA-CECILIA-2015.jpg\"><img loading=\"lazy\" decoding=\"async\" class=\"wp-image-1784 aligncenter\" alt=\"CONCERT FLAUTES SANTA CECILIA 2015\" src=\"http:\/\/www.lartesana.org\/wp-content\/uploads\/2015\/11\/CONCERT-FLAUTES-SANTA-CECILIA-2015.jpg\" width=\"535\" height=\"761\" \/><\/a><\/p>\n<\/div>\n<div><a href=\"http:\/\/www.lartesana.org\/wp-content\/uploads\/2015\/11\/concert-flautes-21.jpg\"><img loading=\"lazy\" decoding=\"async\" class=\"aligncenter  wp-image-1789\" alt=\"concert flautes 2\" src=\"http:\/\/www.lartesana.org\/wp-content\/uploads\/2015\/11\/concert-flautes-21.jpg\" width=\"526\" height=\"490\" \/><\/a><\/div>\n<div><\/div>\n<div><\/div>\n<div><\/div>\n<div><a href=\"http:\/\/www.lartesana.org\/wp-content\/uploads\/2015\/11\/concert-flautes-14-11-15-01.jpg\"><img loading=\"lazy\" decoding=\"async\" class=\"aligncenter  wp-image-1795\" alt=\"concert flautes 14-11-15 01\" src=\"http:\/\/www.lartesana.org\/wp-content\/uploads\/2015\/11\/concert-flautes-14-11-15-01.jpg\" width=\"576\" height=\"432\" \/><\/a><\/div>\n<div><\/div>\n<div><\/div>\n<div><a href=\"http:\/\/www.lartesana.org\/wp-content\/uploads\/2015\/11\/12219458_10207666353440191_5029734585196127507_n.jpg\"><img loading=\"lazy\" decoding=\"async\" class=\"aligncenter  wp-image-1798\" alt=\"12219458_10207666353440191_5029734585196127507_n\" src=\"http:\/\/www.lartesana.org\/wp-content\/uploads\/2015\/11\/12219458_10207666353440191_5029734585196127507_n.jpg\" width=\"576\" height=\"576\" srcset=\"https:\/\/www.lartesana.org\/wp-content\/uploads\/2015\/11\/12219458_10207666353440191_5029734585196127507_n.jpg 960w, https:\/\/www.lartesana.org\/wp-content\/uploads\/2015\/11\/12219458_10207666353440191_5029734585196127507_n-150x150.jpg 150w, https:\/\/www.lartesana.org\/wp-content\/uploads\/2015\/11\/12219458_10207666353440191_5029734585196127507_n-140x140.jpg 140w, https:\/\/www.lartesana.org\/wp-content\/uploads\/2015\/11\/12219458_10207666353440191_5029734585196127507_n-74x74.jpg 74w, https:\/\/www.lartesana.org\/wp-content\/uploads\/2015\/11\/12219458_10207666353440191_5029734585196127507_n-184x184.jpg 184w\" sizes=\"(max-width: 576px) 100vw, 576px\" \/><\/a><\/div>\n<div><\/div>\n<div><\/div>\n<div><\/div>\n<div><\/div>\n<div><\/div>\n<div><\/div>\n<div><a href=\"http:\/\/www.lartesana.org\/wp-content\/uploads\/2015\/11\/12247933_1065810526776904_6889932963029948927_o.jpg\"><img loading=\"lazy\" decoding=\"async\" class=\"aligncenter  wp-image-1799\" alt=\"12247933_1065810526776904_6889932963029948927_o\" src=\"http:\/\/www.lartesana.org\/wp-content\/uploads\/2015\/11\/12247933_1065810526776904_6889932963029948927_o.jpg\" width=\"590\" height=\"442\" srcset=\"https:\/\/www.lartesana.org\/wp-content\/uploads\/2015\/11\/12247933_1065810526776904_6889932963029948927_o.jpg 2048w, https:\/\/www.lartesana.org\/wp-content\/uploads\/2015\/11\/12247933_1065810526776904_6889932963029948927_o-1000x750.jpg 1000w, https:\/\/www.lartesana.org\/wp-content\/uploads\/2015\/11\/12247933_1065810526776904_6889932963029948927_o-2000x1500.jpg 2000w\" sizes=\"(max-width: 590px) 100vw, 590px\" \/><\/a><\/div>\n","protected":false},"excerpt":{"rendered":"<p>Excelente concierto el que nos ofrecieron Juana Guillem y Elisa Ferrer el pasado s\u00e1bado d\u00eda 14 de noviembre en el auditorio del Conservatorio \u201cJose Manuel Izquierdo\u201d de Catarroja. El concierto, organizado por Juana Guillem y patrocinado por YAMAHA reuni\u00f3 a lo m\u00e1s granado del panorama musical internacional, con figuras como Isabel Vila (Flauta de la [&hellip;]<\/p>\n","protected":false},"author":1,"featured_media":1784,"comment_status":"open","ping_status":"open","sticky":false,"template":"","format":"standard","meta":{"_et_pb_use_builder":"","_et_pb_old_content":"","_et_gb_content_width":"","footnotes":""},"categories":[7],"tags":[],"class_list":["post-4537","post","type-post","status-publish","format-standard","has-post-thumbnail","hentry","category-societat"],"_links":{"self":[{"href":"https:\/\/www.lartesana.org\/es\/wp-json\/wp\/v2\/posts\/4537","targetHints":{"allow":["GET"]}}],"collection":[{"href":"https:\/\/www.lartesana.org\/es\/wp-json\/wp\/v2\/posts"}],"about":[{"href":"https:\/\/www.lartesana.org\/es\/wp-json\/wp\/v2\/types\/post"}],"author":[{"embeddable":true,"href":"https:\/\/www.lartesana.org\/es\/wp-json\/wp\/v2\/users\/1"}],"replies":[{"embeddable":true,"href":"https:\/\/www.lartesana.org\/es\/wp-json\/wp\/v2\/comments?post=4537"}],"version-history":[{"count":0,"href":"https:\/\/www.lartesana.org\/es\/wp-json\/wp\/v2\/posts\/4537\/revisions"}],"wp:featuredmedia":[{"embeddable":true,"href":"https:\/\/www.lartesana.org\/es\/wp-json\/wp\/v2\/media\/1784"}],"wp:attachment":[{"href":"https:\/\/www.lartesana.org\/es\/wp-json\/wp\/v2\/media?parent=4537"}],"wp:term":[{"taxonomy":"category","embeddable":true,"href":"https:\/\/www.lartesana.org\/es\/wp-json\/wp\/v2\/categories?post=4537"},{"taxonomy":"post_tag","embeddable":true,"href":"https:\/\/www.lartesana.org\/es\/wp-json\/wp\/v2\/tags?post=4537"}],"curies":[{"name":"wp","href":"https:\/\/api.w.org\/{rel}","templated":true}]}}