{"id":4527,"date":"2015-06-21T18:30:26","date_gmt":"2015-06-21T16:30:26","guid":{"rendered":"https:\/\/www.lartesana.org\/concierto-de-verano\/"},"modified":"2015-06-21T18:30:26","modified_gmt":"2015-06-21T16:30:26","slug":"concierto-de-verano","status":"publish","type":"post","link":"https:\/\/www.lartesana.org\/es\/concierto-de-verano\/","title":{"rendered":"CONCIERTO DE VERANO"},"content":{"rendered":"<p>El pr\u00f3ximo d\u00eda 3 de Julio, a las 20:00 horas y en el sal\u00f3n de actos de la Casa de la Cultura, la Orquesta Sinf\u00f3nica de la Sociedad Musical l`Artesana, bajo la direcci\u00f3n de su director, Ximo Arias Bot\u00edas, ofrecer\u00e1 el Concierto de verano.<\/p>\n<p>Os esperamos!!<\/p>\n<div id=\"attachment_1644\" style=\"width: 620px\" class=\"wp-caption aligncenter\"><a href=\"http:\/\/www.lartesana.org\/wp-content\/uploads\/2015\/06\/1278992_778926825553537_7728194323473743638_o.jpg\"><img loading=\"lazy\" decoding=\"async\" aria-describedby=\"caption-attachment-1644\" class=\" wp-image-1644 \" alt=\"concert orquestra\" src=\"http:\/\/www.lartesana.org\/wp-content\/uploads\/2015\/06\/1278992_778926825553537_7728194323473743638_o.jpg\" width=\"610\" height=\"864\" \/><\/a><p id=\"caption-attachment-1644\" class=\"wp-caption-text\">concert orquestra<\/p><\/div>\n","protected":false},"excerpt":{"rendered":"<p>El pr\u00f3ximo d\u00eda 3 de Julio, a las 20:00 horas y en el sal\u00f3n de actos de la Casa de la Cultura, la Orquesta Sinf\u00f3nica de la Sociedad Musical l`Artesana, bajo la direcci\u00f3n de su director, Ximo Arias Bot\u00edas, ofrecer\u00e1 el Concierto de verano. Os esperamos!!<\/p>\n","protected":false},"author":1,"featured_media":1644,"comment_status":"open","ping_status":"open","sticky":false,"template":"","format":"standard","meta":{"_et_pb_use_builder":"","_et_pb_old_content":"","_et_gb_content_width":"","footnotes":""},"categories":[9,11],"tags":[],"class_list":["post-4527","post","type-post","status-publish","format-standard","has-post-thumbnail","hentry","category-agrupacions","category-orquestra"],"_links":{"self":[{"href":"https:\/\/www.lartesana.org\/es\/wp-json\/wp\/v2\/posts\/4527","targetHints":{"allow":["GET"]}}],"collection":[{"href":"https:\/\/www.lartesana.org\/es\/wp-json\/wp\/v2\/posts"}],"about":[{"href":"https:\/\/www.lartesana.org\/es\/wp-json\/wp\/v2\/types\/post"}],"author":[{"embeddable":true,"href":"https:\/\/www.lartesana.org\/es\/wp-json\/wp\/v2\/users\/1"}],"replies":[{"embeddable":true,"href":"https:\/\/www.lartesana.org\/es\/wp-json\/wp\/v2\/comments?post=4527"}],"version-history":[{"count":0,"href":"https:\/\/www.lartesana.org\/es\/wp-json\/wp\/v2\/posts\/4527\/revisions"}],"wp:featuredmedia":[{"embeddable":true,"href":"https:\/\/www.lartesana.org\/es\/wp-json\/wp\/v2\/media\/1644"}],"wp:attachment":[{"href":"https:\/\/www.lartesana.org\/es\/wp-json\/wp\/v2\/media?parent=4527"}],"wp:term":[{"taxonomy":"category","embeddable":true,"href":"https:\/\/www.lartesana.org\/es\/wp-json\/wp\/v2\/categories?post=4527"},{"taxonomy":"post_tag","embeddable":true,"href":"https:\/\/www.lartesana.org\/es\/wp-json\/wp\/v2\/tags?post=4527"}],"curies":[{"name":"wp","href":"https:\/\/api.w.org\/{rel}","templated":true}]}}