{"id":4525,"date":"2015-06-21T18:11:53","date_gmt":"2015-06-21T16:11:53","guid":{"rendered":"https:\/\/www.lartesana.org\/concierto-proclamacion-camarera-y-musa-2015-2016\/"},"modified":"2015-06-21T18:11:53","modified_gmt":"2015-06-21T16:11:53","slug":"concierto-proclamacion-camarera-y-musa-2015-2016","status":"publish","type":"post","link":"https:\/\/www.lartesana.org\/es\/concierto-proclamacion-camarera-y-musa-2015-2016\/","title":{"rendered":"CONCIERTO PROCLAMACI\u00d3N CAMARERA Y MUSA 2015\/2016"},"content":{"rendered":"<p>El pr\u00f3ximo d\u00eda 5 de julio de 2015, tendr\u00e1 lugar el acto de proclamaci\u00f3n de la Camarera de Santa Cecilia y de la Musa de la Societat Musical l\u00b4Artesana.<\/p>\n<p>Dicha ceremonia se llevar\u00e1 a cabo a las 19:00 horas en el Teatro Auditorio de Catarroja y en la misma se rendir\u00e1 tambi\u00e9n homenaje de despedida como Musa a Marta Bort, la cual ha sido Musa de l`Artesana durante el a\u00f1o 2015.<\/p>\n<p>Este a\u00f1o, el cargo de Musa recae en la se\u00f1orita Elisa Ferrer Sancho, la cual es tambi\u00e9n miembro de la Banda Sinf\u00f3nica y a la que aprovechamos para felicitar por haber terminado el Grado Superior de m\u00fasica.<\/p>\n<p>En cuanto\u00a0 la figura de Camarera de Santa Cecilia, este a\u00f1o tenemos el honor de poder contar con Juana Guillem<\/p>\n<p>Desde la Junta Directiva de la S. M. l`Artesana les damos a ambas nuestra m\u00e1s sincera felicitaci\u00f3n y les deseamos que tengan un feliz per\u00edodo como Camarera y Musa, respectivamente.<\/p>\n<p><a href=\"http:\/\/www.lartesana.org\/wp-content\/uploads\/2015\/06\/11406723_778925148887038_958354796948136358_o.jpg\"><img loading=\"lazy\" decoding=\"async\" class=\"wp-image-1639 aligncenter\" alt=\"CONCERT MUSA I CAMBRERA 2015\" src=\"http:\/\/www.lartesana.org\/wp-content\/uploads\/2015\/06\/11406723_778925148887038_958354796948136358_o.jpg\" width=\"610\" height=\"864\" \/><\/a><\/p>\n<dl class=\"wp-caption aligncenter\" id=\"attachment_1639\" style=\"width: 620px;\">\n<dd class=\"wp-caption-dd\">CONCERT MUSA I CAMBRERA 2015<\/dd>\n<\/dl>\n","protected":false},"excerpt":{"rendered":"<p>El pr\u00f3ximo d\u00eda 5 de julio de 2015, tendr\u00e1 lugar el acto de proclamaci\u00f3n de la Camarera de Santa Cecilia y de la Musa de la Societat Musical l\u00b4Artesana. Dicha ceremonia se llevar\u00e1 a cabo a las 19:00 horas en el Teatro Auditorio de Catarroja y en la misma se rendir\u00e1 tambi\u00e9n homenaje de despedida [&hellip;]<\/p>\n","protected":false},"author":1,"featured_media":1639,"comment_status":"open","ping_status":"open","sticky":false,"template":"","format":"standard","meta":{"_et_pb_use_builder":"","_et_pb_old_content":"","_et_gb_content_width":"","footnotes":""},"categories":[7],"tags":[],"class_list":["post-4525","post","type-post","status-publish","format-standard","has-post-thumbnail","hentry","category-societat"],"_links":{"self":[{"href":"https:\/\/www.lartesana.org\/es\/wp-json\/wp\/v2\/posts\/4525","targetHints":{"allow":["GET"]}}],"collection":[{"href":"https:\/\/www.lartesana.org\/es\/wp-json\/wp\/v2\/posts"}],"about":[{"href":"https:\/\/www.lartesana.org\/es\/wp-json\/wp\/v2\/types\/post"}],"author":[{"embeddable":true,"href":"https:\/\/www.lartesana.org\/es\/wp-json\/wp\/v2\/users\/1"}],"replies":[{"embeddable":true,"href":"https:\/\/www.lartesana.org\/es\/wp-json\/wp\/v2\/comments?post=4525"}],"version-history":[{"count":0,"href":"https:\/\/www.lartesana.org\/es\/wp-json\/wp\/v2\/posts\/4525\/revisions"}],"wp:featuredmedia":[{"embeddable":true,"href":"https:\/\/www.lartesana.org\/es\/wp-json\/wp\/v2\/media\/1639"}],"wp:attachment":[{"href":"https:\/\/www.lartesana.org\/es\/wp-json\/wp\/v2\/media?parent=4525"}],"wp:term":[{"taxonomy":"category","embeddable":true,"href":"https:\/\/www.lartesana.org\/es\/wp-json\/wp\/v2\/categories?post=4525"},{"taxonomy":"post_tag","embeddable":true,"href":"https:\/\/www.lartesana.org\/es\/wp-json\/wp\/v2\/tags?post=4525"}],"curies":[{"name":"wp","href":"https:\/\/api.w.org\/{rel}","templated":true}]}}