{"id":4521,"date":"2015-06-21T17:35:15","date_gmt":"2015-06-21T15:35:15","guid":{"rendered":"https:\/\/www.lartesana.org\/audiciones-fin-de-curso\/"},"modified":"2015-06-21T17:35:15","modified_gmt":"2015-06-21T15:35:15","slug":"audiciones-fin-de-curso","status":"publish","type":"post","link":"https:\/\/www.lartesana.org\/es\/audiciones-fin-de-curso\/","title":{"rendered":"AUDICIONES FIN DE CURSO"},"content":{"rendered":"<p>Los pr\u00f3ximos d\u00edas \u00a024, 25 y 26 de junio, en el sal\u00f3n de actos de la Societat Musical l`Artesana, tendr\u00e1n lugar las audiciones de fin de curso de los alumnos de la Escuela de M\u00fasica<\/p>\n<p>Os esperamos<\/p>\n<div id=\"attachment_1630\" style=\"width: 621px\" class=\"wp-caption aligncenter\"><a href=\"http:\/\/www.lartesana.org\/wp-content\/uploads\/2015\/06\/0-2015-11402497_1666963186859194_6930854178628057859_o.jpg\"><img loading=\"lazy\" decoding=\"async\" aria-describedby=\"caption-attachment-1630\" class=\" wp-image-1630 \" alt=\"Audicions fi de curs 2014\/2015\" src=\"http:\/\/www.lartesana.org\/wp-content\/uploads\/2015\/06\/0-2015-11402497_1666963186859194_6930854178628057859_o.jpg\" width=\"611\" height=\"864\" \/><\/a><p id=\"caption-attachment-1630\" class=\"wp-caption-text\">Audicions fi de curs 2014\/2015<\/p><\/div>\n","protected":false},"excerpt":{"rendered":"<p>Los pr\u00f3ximos d\u00edas \u00a024, 25 y 26 de junio, en el sal\u00f3n de actos de la Societat Musical l`Artesana, tendr\u00e1n lugar las audiciones de fin de curso de los alumnos de la Escuela de M\u00fasica Os esperamos<\/p>\n","protected":false},"author":1,"featured_media":1630,"comment_status":"open","ping_status":"open","sticky":false,"template":"","format":"standard","meta":{"_et_pb_use_builder":"","_et_pb_old_content":"","_et_gb_content_width":"","footnotes":""},"categories":[8],"tags":[],"class_list":["post-4521","post","type-post","status-publish","format-standard","has-post-thumbnail","hentry","category-escola"],"_links":{"self":[{"href":"https:\/\/www.lartesana.org\/es\/wp-json\/wp\/v2\/posts\/4521","targetHints":{"allow":["GET"]}}],"collection":[{"href":"https:\/\/www.lartesana.org\/es\/wp-json\/wp\/v2\/posts"}],"about":[{"href":"https:\/\/www.lartesana.org\/es\/wp-json\/wp\/v2\/types\/post"}],"author":[{"embeddable":true,"href":"https:\/\/www.lartesana.org\/es\/wp-json\/wp\/v2\/users\/1"}],"replies":[{"embeddable":true,"href":"https:\/\/www.lartesana.org\/es\/wp-json\/wp\/v2\/comments?post=4521"}],"version-history":[{"count":0,"href":"https:\/\/www.lartesana.org\/es\/wp-json\/wp\/v2\/posts\/4521\/revisions"}],"wp:featuredmedia":[{"embeddable":true,"href":"https:\/\/www.lartesana.org\/es\/wp-json\/wp\/v2\/media\/1630"}],"wp:attachment":[{"href":"https:\/\/www.lartesana.org\/es\/wp-json\/wp\/v2\/media?parent=4521"}],"wp:term":[{"taxonomy":"category","embeddable":true,"href":"https:\/\/www.lartesana.org\/es\/wp-json\/wp\/v2\/categories?post=4521"},{"taxonomy":"post_tag","embeddable":true,"href":"https:\/\/www.lartesana.org\/es\/wp-json\/wp\/v2\/tags?post=4521"}],"curies":[{"name":"wp","href":"https:\/\/api.w.org\/{rel}","templated":true}]}}