{"id":4519,"date":"2015-04-26T21:48:02","date_gmt":"2015-04-26T19:48:02","guid":{"rendered":"https:\/\/www.lartesana.org\/vii-campamento-musical\/"},"modified":"2015-04-26T21:48:02","modified_gmt":"2015-04-26T19:48:02","slug":"vii-campamento-musical","status":"publish","type":"post","link":"https:\/\/www.lartesana.org\/es\/vii-campamento-musical\/","title":{"rendered":"VII CAMPAMENTO MUSICAL"},"content":{"rendered":"<p>Un a\u00f1o m\u00e1s, la Escuela de M\u00fasica de la Sociedad Musical L\u2019Artesana de Catarroja, organiza su <a href=\"https:\/\/www.facebook.com\/campament.lartesana.1?fref=ts\" target=\"_blank\" rel=\"noopener\">Campamento Musical<\/a> que va dirigido a alumnos de Ense\u00f1anza Elemental y Profesional, y tambi\u00e9n a los forofos de la m\u00fasica, en el que todos juntos disfrutaremos de la m\u00fasica fomentando la constancia de estudio, la convivencia entre personas y el trabajo en grupo.<\/p>\n<p>Si quieres pasarlo bien aprendiendo y practicando m\u00fasica y conviviendo con otros j\u00f3venes m\u00fasicos, ap\u00fantate a nuestro <a href=\"https:\/\/www.facebook.com\/campament.lartesana.1?fref=ts\" target=\"_blank\" rel=\"noopener\">VII Campamento Musical<\/a>.<\/p>\n<p style=\"text-align: center;\"><a href=\"http:\/\/www.lartesana.org\/wp-content\/uploads\/2015\/04\/2015-CatarrojaArtesanacurso2015.jpg\"><img loading=\"lazy\" decoding=\"async\" class=\"aligncenter  wp-image-1597\" alt=\"vii campament musical\" src=\"http:\/\/www.lartesana.org\/wp-content\/uploads\/2015\/04\/2015-CatarrojaArtesanacurso2015.jpg\" width=\"536\" height=\"758\" \/><\/a><\/p>\n","protected":false},"excerpt":{"rendered":"<p>Un a\u00f1o m\u00e1s, la Escuela de M\u00fasica de la Sociedad Musical L\u2019Artesana de Catarroja, organiza su Campamento Musical que va dirigido a alumnos de Ense\u00f1anza Elemental y Profesional, y tambi\u00e9n a los forofos de la m\u00fasica, en el que todos juntos disfrutaremos de la m\u00fasica fomentando la constancia de estudio, la convivencia entre personas y [&hellip;]<\/p>\n","protected":false},"author":1,"featured_media":1597,"comment_status":"open","ping_status":"open","sticky":false,"template":"","format":"standard","meta":{"_et_pb_use_builder":"","_et_pb_old_content":"","_et_gb_content_width":"","footnotes":""},"categories":[],"tags":[],"class_list":["post-4519","post","type-post","status-publish","format-standard","has-post-thumbnail","hentry"],"_links":{"self":[{"href":"https:\/\/www.lartesana.org\/es\/wp-json\/wp\/v2\/posts\/4519","targetHints":{"allow":["GET"]}}],"collection":[{"href":"https:\/\/www.lartesana.org\/es\/wp-json\/wp\/v2\/posts"}],"about":[{"href":"https:\/\/www.lartesana.org\/es\/wp-json\/wp\/v2\/types\/post"}],"author":[{"embeddable":true,"href":"https:\/\/www.lartesana.org\/es\/wp-json\/wp\/v2\/users\/1"}],"replies":[{"embeddable":true,"href":"https:\/\/www.lartesana.org\/es\/wp-json\/wp\/v2\/comments?post=4519"}],"version-history":[{"count":0,"href":"https:\/\/www.lartesana.org\/es\/wp-json\/wp\/v2\/posts\/4519\/revisions"}],"wp:featuredmedia":[{"embeddable":true,"href":"https:\/\/www.lartesana.org\/es\/wp-json\/wp\/v2\/media\/1597"}],"wp:attachment":[{"href":"https:\/\/www.lartesana.org\/es\/wp-json\/wp\/v2\/media?parent=4519"}],"wp:term":[{"taxonomy":"category","embeddable":true,"href":"https:\/\/www.lartesana.org\/es\/wp-json\/wp\/v2\/categories?post=4519"},{"taxonomy":"post_tag","embeddable":true,"href":"https:\/\/www.lartesana.org\/es\/wp-json\/wp\/v2\/tags?post=4519"}],"curies":[{"name":"wp","href":"https:\/\/api.w.org\/{rel}","templated":true}]}}