{"id":4517,"date":"2015-04-26T21:27:31","date_gmt":"2015-04-26T19:27:31","guid":{"rendered":"https:\/\/www.lartesana.org\/concierto-benefico-contra-el-cancer\/"},"modified":"2015-04-26T21:27:31","modified_gmt":"2015-04-26T19:27:31","slug":"concierto-benefico-contra-el-cancer","status":"publish","type":"post","link":"https:\/\/www.lartesana.org\/es\/concierto-benefico-contra-el-cancer\/","title":{"rendered":"CONCIERTO BENEFICO CONTRA EL CANCER"},"content":{"rendered":"<p>Elisa Ferrer S\u00e1ncho (flautista) y Albert Antol\u00ed Savall (violoncelista) ofrecieron el pasado s\u00e1bado 25 de abril, un concierto ben\u00e9fico a favor de la lucha contra el c\u00e1ncer.<\/p>\n<p>Ambos int\u00e9rpretes son m\u00fasicos de\u00a0 l`Artesana y en este concierto; en el cual les acompa\u00f1aba el pianista Ram\u00f3n Grau; hicieron vibrar al p\u00fablico con un repertorio muy escogido y que recog\u00eda m\u00fasica de diversas tendencias y caracter\u00edsticas.<\/p>\n<p>El evento estaba organizado por la Junta Local contra el c\u00e1ncer de Catarroja y se llev\u00f3 a cabo en el sal\u00f3n de actos de la Casa de la Cultura de Catarroja.<\/p>\n<div id=\"attachment_1584\" style=\"width: 586px\" class=\"wp-caption aligncenter\"><a href=\"http:\/\/www.lartesana.org\/wp-content\/uploads\/2015\/04\/11193344_10204396150839003_808329933086664266_n.jpg\"><img loading=\"lazy\" decoding=\"async\" aria-describedby=\"caption-attachment-1584\" class=\" wp-image-1584 \" alt=\"Un moment del concert ben\u00e9fic\" src=\"http:\/\/www.lartesana.org\/wp-content\/uploads\/2015\/04\/11193344_10204396150839003_808329933086664266_n.jpg\" width=\"576\" height=\"324\" srcset=\"https:\/\/www.lartesana.org\/wp-content\/uploads\/2015\/04\/11193344_10204396150839003_808329933086664266_n.jpg 960w, https:\/\/www.lartesana.org\/wp-content\/uploads\/2015\/04\/11193344_10204396150839003_808329933086664266_n-239x133.jpg 239w\" sizes=\"(max-width: 576px) 100vw, 576px\" \/><\/a><p id=\"caption-attachment-1584\" class=\"wp-caption-text\">Un moment del concert ben\u00e9fic<\/p><\/div>\n<p style=\"text-align: center;\"><a href=\"http:\/\/www.lartesana.org\/wp-content\/uploads\/2015\/04\/CONCERT-ELISA-03-001.jpg\"><img loading=\"lazy\" decoding=\"async\" class=\"aligncenter  wp-image-1587\" alt=\"CONCERT ELISA 03 001\" src=\"http:\/\/www.lartesana.org\/wp-content\/uploads\/2015\/04\/CONCERT-ELISA-03-001.jpg\" width=\"484\" height=\"639\" srcset=\"https:\/\/www.lartesana.org\/wp-content\/uploads\/2015\/04\/CONCERT-ELISA-03-001.jpg 1153w, https:\/\/www.lartesana.org\/wp-content\/uploads\/2015\/04\/CONCERT-ELISA-03-001-758x1000.jpg 758w\" sizes=\"(max-width: 484px) 100vw, 484px\" \/><\/a><a href=\"http:\/\/www.lartesana.org\/wp-content\/uploads\/2015\/04\/CONCERT-ELISA-04-001.jpg\"><img loading=\"lazy\" decoding=\"async\" class=\"aligncenter  wp-image-1588\" alt=\"CONCERT ELISA 04 001\" src=\"http:\/\/www.lartesana.org\/wp-content\/uploads\/2015\/04\/CONCERT-ELISA-04-001.jpg\" width=\"486\" height=\"634\" srcset=\"https:\/\/www.lartesana.org\/wp-content\/uploads\/2015\/04\/CONCERT-ELISA-04-001.jpg 1159w, https:\/\/www.lartesana.org\/wp-content\/uploads\/2015\/04\/CONCERT-ELISA-04-001-767x1000.jpg 767w\" sizes=\"(max-width: 486px) 100vw, 486px\" \/><\/a><\/p>\n<div id=\"attachment_1592\" style=\"width: 513px\" class=\"wp-caption aligncenter\"><a href=\"http:\/\/www.lartesana.org\/wp-content\/uploads\/2015\/04\/CONCERT-ELISA-02-001.jpg\"><img loading=\"lazy\" decoding=\"async\" aria-describedby=\"caption-attachment-1592\" class=\" wp-image-1592  \" alt=\"REPERTORI DEL CONCERT\" src=\"http:\/\/www.lartesana.org\/wp-content\/uploads\/2015\/04\/CONCERT-ELISA-02-001.jpg\" width=\"503\" height=\"633\" srcset=\"https:\/\/www.lartesana.org\/wp-content\/uploads\/2015\/04\/CONCERT-ELISA-02-001.jpg 1196w, https:\/\/www.lartesana.org\/wp-content\/uploads\/2015\/04\/CONCERT-ELISA-02-001-794x1000.jpg 794w\" sizes=\"(max-width: 503px) 100vw, 503px\" \/><\/a><p id=\"caption-attachment-1592\" class=\"wp-caption-text\">REPERTORI DEL CONCERT<\/p><\/div>\n<p style=\"text-align: center;\">\n","protected":false},"excerpt":{"rendered":"<p>Elisa Ferrer S\u00e1ncho (flautista) y Albert Antol\u00ed Savall (violoncelista) ofrecieron el pasado s\u00e1bado 25 de abril, un concierto ben\u00e9fico a favor de la lucha contra el c\u00e1ncer. Ambos int\u00e9rpretes son m\u00fasicos de\u00a0 l`Artesana y en este concierto; en el cual les acompa\u00f1aba el pianista Ram\u00f3n Grau; hicieron vibrar al p\u00fablico con un repertorio muy escogido [&hellip;]<\/p>\n","protected":false},"author":1,"featured_media":1582,"comment_status":"open","ping_status":"open","sticky":false,"template":"","format":"standard","meta":{"_et_pb_use_builder":"","_et_pb_old_content":"","_et_gb_content_width":"","footnotes":""},"categories":[7],"tags":[],"class_list":["post-4517","post","type-post","status-publish","format-standard","has-post-thumbnail","hentry","category-societat"],"_links":{"self":[{"href":"https:\/\/www.lartesana.org\/es\/wp-json\/wp\/v2\/posts\/4517","targetHints":{"allow":["GET"]}}],"collection":[{"href":"https:\/\/www.lartesana.org\/es\/wp-json\/wp\/v2\/posts"}],"about":[{"href":"https:\/\/www.lartesana.org\/es\/wp-json\/wp\/v2\/types\/post"}],"author":[{"embeddable":true,"href":"https:\/\/www.lartesana.org\/es\/wp-json\/wp\/v2\/users\/1"}],"replies":[{"embeddable":true,"href":"https:\/\/www.lartesana.org\/es\/wp-json\/wp\/v2\/comments?post=4517"}],"version-history":[{"count":0,"href":"https:\/\/www.lartesana.org\/es\/wp-json\/wp\/v2\/posts\/4517\/revisions"}],"wp:featuredmedia":[{"embeddable":true,"href":"https:\/\/www.lartesana.org\/es\/wp-json\/wp\/v2\/media\/1582"}],"wp:attachment":[{"href":"https:\/\/www.lartesana.org\/es\/wp-json\/wp\/v2\/media?parent=4517"}],"wp:term":[{"taxonomy":"category","embeddable":true,"href":"https:\/\/www.lartesana.org\/es\/wp-json\/wp\/v2\/categories?post=4517"},{"taxonomy":"post_tag","embeddable":true,"href":"https:\/\/www.lartesana.org\/es\/wp-json\/wp\/v2\/tags?post=4517"}],"curies":[{"name":"wp","href":"https:\/\/api.w.org\/{rel}","templated":true}]}}