{"id":4511,"date":"2015-03-05T20:55:06","date_gmt":"2015-03-05T19:55:06","guid":{"rendered":"https:\/\/www.lartesana.org\/elisa-ferrer-ingresa-en-la-joven-orquesta-nacional-de-espana\/"},"modified":"2015-03-05T20:55:06","modified_gmt":"2015-03-05T19:55:06","slug":"elisa-ferrer-ingresa-en-la-joven-orquesta-nacional-de-espana","status":"publish","type":"post","link":"https:\/\/www.lartesana.org\/es\/elisa-ferrer-ingresa-en-la-joven-orquesta-nacional-de-espana\/","title":{"rendered":"Elisa Ferrer ingresa en la Joven Orquesta Nacional de Espa\u00f1a"},"content":{"rendered":"<p align=\"center\">La S. M. l&#8217;Artesana quiere dar la enhorabuena a la joven flautista de nuestra sociedad musical, Elisa Ferrer Sancho, por \u00a0haber sido seleccionada para formar parte de la Joven Orquesta Nacional de Espa\u00f1a (JONDE).<\/p>\n<p style=\"text-align: left;\" align=\"center\">Tras un intercambio de impresiones con ella, esto es lo que nos ha contado:<\/p>\n<p>\u00a0<\/p>\n<p><i>-\u201dPara poder alcanzar cualquier \u00e9xmeta que nos proponemos, es necesario invertir un gran esfuerzo y dedicaci\u00f3n, esfuerzo que abarca un estudio constante, sacrificios por parte de la familia y por parte de uno mismo. Poder entrar en la \u00a0JONDE ha sido para mi una gran alegr\u00eda, ya que es la orquesta de m\u00fasicos j\u00f3venes m\u00e1s importante de \u00a0nuestro pa\u00eds.<\/i><\/p>\n<p><i>Para mi es una gran satisfacci\u00f3n poder estar a este nivel, pero tambi\u00e9n reconozco que esto no es todo y que ahora tengo que seguir adelante\u00a0 con mi carrera musical.<br \/>\nQuisiera dar las gracias a todos los maestros de la Societat \u00a0Musical l&#8217;Artesana que me hicieron crecer como m\u00fasico y que,\u00a0 cuando era peque\u00f1a, fueron un gran apoyo para\u00a0 mi\u00a0 anim\u00e1ndome a seguir adelante con mi ilusi\u00f3n de ser m\u00fasico profesional.<\/i><\/p>\n<p><i>Es curioso que todos mis maestros de instrumento han sido de l&#8217;Artesana o de Bunyol,\u00a0 empezando por Isabel Vila y terminando con Juana Guillem, dos flautistas a tener en cuenta y que son parte de nuestra gran familia de l&#8217;Artesana.<br \/>\nEspero seguir sus pasos y animo a todos los m\u00fasicos de nuestra banda a seguir luchando por \u00e9ste maravilloso mundo, la m\u00fasica.<br \/>\nPor \u00faltimo, agradecer a\u00a0 mi familia todo el esfuerzo que realizan d\u00eda a d\u00eda para que yo pueda continuar con mis estudios, y se que para ellos el mejor regalo ser\u00e1 mi \u00e9xito. Un abrazo \u00a0desde Madrid y muchas gracias a todos por vuestras felicitaciones y por el inter\u00e9s de mostrado por mi por nuestra sociedad\u201d.-<\/i><\/p>\n<p>\u00a0<\/p>\n<p>La Junta Directiva, en nombre de todos los m\u00fasicos y miembros de \u00e9sta sociedad, quieren darte las gracias por tu cercan\u00eda para con nosotros y tambi\u00e9n felicitarte por los \u00e9xitos acad\u00e9micos y profesionales alcanzados.<\/p>\n<p>Enhorabuena.<\/p>\n<div id=\"attachment_1548\" style=\"width: 474px\" class=\"wp-caption aligncenter\"><a href=\"http:\/\/www.lartesana.org\/wp-content\/uploads\/2015\/03\/image-elisa.jpeg\"><img loading=\"lazy\" decoding=\"async\" aria-describedby=\"caption-attachment-1548\" class=\" wp-image-1548\" alt=\"Elisa Ferrer Sancho\" src=\"http:\/\/www.lartesana.org\/wp-content\/uploads\/2015\/03\/image-elisa.jpeg\" width=\"464\" height=\"516\" srcset=\"https:\/\/www.lartesana.org\/wp-content\/uploads\/2015\/03\/image-elisa.jpeg 1842w, https:\/\/www.lartesana.org\/wp-content\/uploads\/2015\/03\/image-elisa-900x1000.jpeg 900w, https:\/\/www.lartesana.org\/wp-content\/uploads\/2015\/03\/image-elisa-1800x2000.jpeg 1800w\" sizes=\"(max-width: 464px) 100vw, 464px\" \/><\/a><p id=\"caption-attachment-1548\" class=\"wp-caption-text\">Elisa Ferrer Sancho<\/p><\/div>\n","protected":false},"excerpt":{"rendered":"<p>La S. M. l&#8217;Artesana quiere dar la enhorabuena a la joven flautista de nuestra sociedad musical, Elisa Ferrer Sancho, por \u00a0haber sido seleccionada para formar parte de la Joven Orquesta Nacional de Espa\u00f1a (JONDE). Tras un intercambio de impresiones con ella, esto es lo que nos ha contado: \u00a0 -\u201dPara poder alcanzar cualquier \u00e9xmeta que [&hellip;]<\/p>\n","protected":false},"author":1,"featured_media":1548,"comment_status":"open","ping_status":"open","sticky":false,"template":"","format":"standard","meta":{"_et_pb_use_builder":"","_et_pb_old_content":"","_et_gb_content_width":"","footnotes":""},"categories":[7],"tags":[],"class_list":["post-4511","post","type-post","status-publish","format-standard","has-post-thumbnail","hentry","category-societat"],"_links":{"self":[{"href":"https:\/\/www.lartesana.org\/es\/wp-json\/wp\/v2\/posts\/4511","targetHints":{"allow":["GET"]}}],"collection":[{"href":"https:\/\/www.lartesana.org\/es\/wp-json\/wp\/v2\/posts"}],"about":[{"href":"https:\/\/www.lartesana.org\/es\/wp-json\/wp\/v2\/types\/post"}],"author":[{"embeddable":true,"href":"https:\/\/www.lartesana.org\/es\/wp-json\/wp\/v2\/users\/1"}],"replies":[{"embeddable":true,"href":"https:\/\/www.lartesana.org\/es\/wp-json\/wp\/v2\/comments?post=4511"}],"version-history":[{"count":0,"href":"https:\/\/www.lartesana.org\/es\/wp-json\/wp\/v2\/posts\/4511\/revisions"}],"wp:featuredmedia":[{"embeddable":true,"href":"https:\/\/www.lartesana.org\/es\/wp-json\/wp\/v2\/media\/1548"}],"wp:attachment":[{"href":"https:\/\/www.lartesana.org\/es\/wp-json\/wp\/v2\/media?parent=4511"}],"wp:term":[{"taxonomy":"category","embeddable":true,"href":"https:\/\/www.lartesana.org\/es\/wp-json\/wp\/v2\/categories?post=4511"},{"taxonomy":"post_tag","embeddable":true,"href":"https:\/\/www.lartesana.org\/es\/wp-json\/wp\/v2\/tags?post=4511"}],"curies":[{"name":"wp","href":"https:\/\/api.w.org\/{rel}","templated":true}]}}