{"id":4507,"date":"2015-02-15T12:42:13","date_gmt":"2015-02-15T11:42:13","guid":{"rendered":"https:\/\/www.lartesana.org\/i-certamen-nacional-vila-de-catarroja\/"},"modified":"2015-02-15T12:42:13","modified_gmt":"2015-02-15T11:42:13","slug":"i-certamen-nacional-vila-de-catarroja","status":"publish","type":"post","link":"https:\/\/www.lartesana.org\/es\/i-certamen-nacional-vila-de-catarroja\/","title":{"rendered":"I CERTAMEN NACIONAL VILA DE CATARROJA"},"content":{"rendered":"<p>El pr\u00f3ximo 1 de marzo de 2015; domingo; nuestra Banda Sinf\u00f3nica actuar\u00e1;\u00a0\u00a0\u00a0\u00a0\u00a0 fuera de concurso; en el acto de clausura del <a href=\"https:\/\/www.youtube.com\/watch?v=OWG04ixup08\" target=\"_blank\" rel=\"noopener\">I Certamen Nacional de Bandas de M\u00fasica &#8216;Vila de Catarroja&#8217;<\/a>. Dicho certamen se llevar\u00e1 a cabo en el Teatre Auditori de Catarroja \u2018Francisco Chirivella\u2019 y en el mismo participar\u00e1n las siguienes bandas musicales:<\/p>\n<p>1\u00ba\u00a0\u00a0\u00a0<strong>Sociedad Musical &#8216;La Familiar&#8217; de Benisan\u00f3<\/strong><\/p>\n<p>2\u00ba &#8211;\u00a0<strong>Uni\u00f3n Protectora Musical de Vallada<\/strong><\/p>\n<p>3\u00ba &#8211;\u00a0<strong>Uni\u00f3 Musical de Paiporta<\/strong><\/p>\n<p>Reserva:\u00a0<strong>Ateneo Musical de Rafelguaraf<\/strong><\/p>\n<p>La obra obligada para este certamen es &#8216;Esp\u00edritu Valenciano&#8217;, del compositor de Catarroja Salvador Chuli\u00e1 Hern\u00e1ndez y el jurado estar\u00e1 compuesto por Salvador Chuli\u00e1, Roberto For\u00e9s y Rafael Sanz-Espert<\/p>\n<p style=\"text-align: center;\"><a href=\"http:\/\/www.lartesana.org\/wp-content\/uploads\/2013\/04\/058.bmp\"><img loading=\"lazy\" decoding=\"async\" class=\"aligncenter  wp-image-644\" alt=\"_058\" src=\"http:\/\/www.lartesana.org\/wp-content\/uploads\/2013\/04\/058.bmp\" width=\"576\" height=\"324\" \/><\/a><\/p>\n","protected":false},"excerpt":{"rendered":"<p>El pr\u00f3ximo 1 de marzo de 2015; domingo; nuestra Banda Sinf\u00f3nica actuar\u00e1;\u00a0\u00a0\u00a0\u00a0\u00a0 fuera de concurso; en el acto de clausura del I Certamen Nacional de Bandas de M\u00fasica &#8216;Vila de Catarroja&#8217;. Dicho certamen se llevar\u00e1 a cabo en el Teatre Auditori de Catarroja \u2018Francisco Chirivella\u2019 y en el mismo participar\u00e1n las siguienes bandas musicales: 1\u00ba\u00a0\u00a0\u00a0Sociedad [&hellip;]<\/p>\n","protected":false},"author":1,"featured_media":1508,"comment_status":"open","ping_status":"open","sticky":false,"template":"","format":"standard","meta":{"_et_pb_use_builder":"","_et_pb_old_content":"","_et_gb_content_width":"","footnotes":""},"categories":[9,10],"tags":[],"class_list":["post-4507","post","type-post","status-publish","format-standard","has-post-thumbnail","hentry","category-agrupacions","category-banda-sinfonica"],"_links":{"self":[{"href":"https:\/\/www.lartesana.org\/es\/wp-json\/wp\/v2\/posts\/4507","targetHints":{"allow":["GET"]}}],"collection":[{"href":"https:\/\/www.lartesana.org\/es\/wp-json\/wp\/v2\/posts"}],"about":[{"href":"https:\/\/www.lartesana.org\/es\/wp-json\/wp\/v2\/types\/post"}],"author":[{"embeddable":true,"href":"https:\/\/www.lartesana.org\/es\/wp-json\/wp\/v2\/users\/1"}],"replies":[{"embeddable":true,"href":"https:\/\/www.lartesana.org\/es\/wp-json\/wp\/v2\/comments?post=4507"}],"version-history":[{"count":0,"href":"https:\/\/www.lartesana.org\/es\/wp-json\/wp\/v2\/posts\/4507\/revisions"}],"wp:featuredmedia":[{"embeddable":true,"href":"https:\/\/www.lartesana.org\/es\/wp-json\/wp\/v2\/media\/1508"}],"wp:attachment":[{"href":"https:\/\/www.lartesana.org\/es\/wp-json\/wp\/v2\/media?parent=4507"}],"wp:term":[{"taxonomy":"category","embeddable":true,"href":"https:\/\/www.lartesana.org\/es\/wp-json\/wp\/v2\/categories?post=4507"},{"taxonomy":"post_tag","embeddable":true,"href":"https:\/\/www.lartesana.org\/es\/wp-json\/wp\/v2\/tags?post=4507"}],"curies":[{"name":"wp","href":"https:\/\/api.w.org\/{rel}","templated":true}]}}