{"id":4481,"date":"2014-05-18T20:46:15","date_gmt":"2014-05-18T18:46:15","guid":{"rendered":"https:\/\/www.lartesana.org\/proclamacion-musa-2014\/"},"modified":"2014-05-18T20:46:15","modified_gmt":"2014-05-18T18:46:15","slug":"proclamacion-musa-2014","status":"publish","type":"post","link":"https:\/\/www.lartesana.org\/es\/proclamacion-musa-2014\/","title":{"rendered":"PROCLAMACI\u00d3N MUSA 2014."},"content":{"rendered":"<p>El pr\u00f3ximo viernes, 23 de mayo, tendr\u00e1 lugar el acto de proclamaci\u00f3n de la Musa de la Societat Musical l\u00b4Artesana.<\/p>\n<p>Dicha ceremonia se llevar\u00e1 a cabo a las 22:00 horas en el Teatro Auditorio de Catarroja y en la misma se rendir\u00e1 tambi\u00e9n homenaje de despedida como Camarera de Santa Cecilia a Pepa Caballero, la cual ha sido Camarera de Santa Cecilia durante los a\u00f1os 2012 y 2013.<\/p>\n<p>Despu\u00e9s de un periodo de siete a\u00f1os, la Sociedad Musical l`Artesana vuelve a rescatar la figura de la Musa de la Sociedad Musical.<\/p>\n<p>Este a\u00f1o, este cargo recae en la se\u00f1orita Marta Bort Mar\u00ed, la cual es tambi\u00e9n miembro de la Banda Sinf\u00f3nica.<\/p>\n<p>Desde la Junta Directiva de la S. M. l`Artesana le damos nuestra m\u00e1s sincera felicitaci\u00f3n y le deseamos que tenga un feliz per\u00edodo como Musa y no dudamos que sabr\u00e1 representar a nuestra sociedad musical en todos los actos en los que participe.<\/p>\n<div id=\"attachment_1327\" style=\"width: 307px\" class=\"wp-caption aligncenter\"><a href=\"http:\/\/www.lartesana.org\/wp-content\/uploads\/2014\/05\/marta-bort-2014-musa.jpg\"><img loading=\"lazy\" decoding=\"async\" aria-describedby=\"caption-attachment-1327\" class=\" wp-image-1327 \" alt=\"Marta Bort Mar\u00ed Musa 2014\" src=\"http:\/\/www.lartesana.org\/wp-content\/uploads\/2014\/05\/marta-bort-2014-musa.jpg\" width=\"297\" height=\"374\" \/><\/a><p id=\"caption-attachment-1327\" class=\"wp-caption-text\">Marta Bort Mar\u00ed<br \/>Musa 2014<\/p><\/div>\n","protected":false},"excerpt":{"rendered":"<p>El pr\u00f3ximo viernes, 23 de mayo, tendr\u00e1 lugar el acto de proclamaci\u00f3n de la Musa de la Societat Musical l\u00b4Artesana. Dicha ceremonia se llevar\u00e1 a cabo a las 22:00 horas en el Teatro Auditorio de Catarroja y en la misma se rendir\u00e1 tambi\u00e9n homenaje de despedida como Camarera de Santa Cecilia a Pepa Caballero, la [&hellip;]<\/p>\n","protected":false},"author":1,"featured_media":1329,"comment_status":"open","ping_status":"open","sticky":false,"template":"","format":"standard","meta":{"_et_pb_use_builder":"","_et_pb_old_content":"","_et_gb_content_width":"","footnotes":""},"categories":[7],"tags":[],"class_list":["post-4481","post","type-post","status-publish","format-standard","has-post-thumbnail","hentry","category-societat"],"_links":{"self":[{"href":"https:\/\/www.lartesana.org\/es\/wp-json\/wp\/v2\/posts\/4481","targetHints":{"allow":["GET"]}}],"collection":[{"href":"https:\/\/www.lartesana.org\/es\/wp-json\/wp\/v2\/posts"}],"about":[{"href":"https:\/\/www.lartesana.org\/es\/wp-json\/wp\/v2\/types\/post"}],"author":[{"embeddable":true,"href":"https:\/\/www.lartesana.org\/es\/wp-json\/wp\/v2\/users\/1"}],"replies":[{"embeddable":true,"href":"https:\/\/www.lartesana.org\/es\/wp-json\/wp\/v2\/comments?post=4481"}],"version-history":[{"count":0,"href":"https:\/\/www.lartesana.org\/es\/wp-json\/wp\/v2\/posts\/4481\/revisions"}],"wp:featuredmedia":[{"embeddable":true,"href":"https:\/\/www.lartesana.org\/es\/wp-json\/wp\/v2\/media\/1329"}],"wp:attachment":[{"href":"https:\/\/www.lartesana.org\/es\/wp-json\/wp\/v2\/media?parent=4481"}],"wp:term":[{"taxonomy":"category","embeddable":true,"href":"https:\/\/www.lartesana.org\/es\/wp-json\/wp\/v2\/categories?post=4481"},{"taxonomy":"post_tag","embeddable":true,"href":"https:\/\/www.lartesana.org\/es\/wp-json\/wp\/v2\/tags?post=4481"}],"curies":[{"name":"wp","href":"https:\/\/api.w.org\/{rel}","templated":true}]}}