{"id":4461,"date":"2013-11-16T19:48:28","date_gmt":"2013-11-16T18:48:28","guid":{"rendered":"https:\/\/www.lartesana.org\/felices-fiestas-de-santa-cecilia\/"},"modified":"2013-11-16T19:48:28","modified_gmt":"2013-11-16T18:48:28","slug":"felices-fiestas-de-santa-cecilia","status":"publish","type":"post","link":"https:\/\/www.lartesana.org\/es\/felices-fiestas-de-santa-cecilia\/","title":{"rendered":"Felices fiestas de Santa Cecilia"},"content":{"rendered":"<p>Com cada any a l&#8217;hora d&#8217;ara, ens complau dirigir-nos a tots els m\u00fasics, socis i simpatitzants de l\u00b4Artesana que col\u00b7laboren per a fer de la festa a la nostra patrona Santa Cec\u00edlia, el moment m\u00e9s important de l&#8217;any.<\/p>\n<p>Enguany estem d&#8217;enhorabona, perqu\u00e8 en 2.013 es complixen 125 anys des que, all\u00e0 per 1.888 es va crear a Catarroja la primera Banda de Musica que amb el pas dels anys va arribar a denominar-se la banda de m\u00fasica l\u00b4Artesana. Aix\u00ed, doncs podem dir que la nostra banda de m\u00fasica porta 125 anys posant la banda sonora a Catarroja.<\/p>\n<p>Des d&#8217;estes l\u00ednies volem exal\u00e7ar el treball de molts directors, m\u00fasics presidents, directius i, en definitiva, a totes les persones que amb el seu desinteressat treball i col\u00b7laboraci\u00f3 han aconseguit fer d&#8217;esta una gran banda.<\/p>\n<p>Volem destacar la tasca de D. Jos\u00e9 Manuel Izquierdo, D. Antonio Claverol, D. Salvador Chuli\u00e1, D. Alvaro Albiach , D. Jose Mi\u00f1ana Juan, D. Eduardo Tar\u00edn, D. Jos\u00e9 Angel Zahonero, D. Pascual Balaguer, D. Pascual Peris, D. Josep Mart\u00ed i, com no, l&#8217;actual directora, Sra. Beatriz Fern\u00e1ndez Aucejo. A tots ells hem d&#8217;agrair tot l&#8217;esfor\u00e7 i professionalitat per portar a la nostra banda a les m\u00e9s altes cotes de nivell musical.<\/p>\n<p>I continuant amb la festivitat que ens ocupa, volem agrair el treball del director de la nostra Escola de M\u00fasica, D. Miguel Almarche, el qual amb la seua dedicaci\u00f3 i comptant sempre amb el suport de la Junta Directiva aposta per l&#8217;escola de m\u00fasica com a pilar fonamental de la Societat i com a pedrera de m\u00fasics, sent en l&#8217;actualitat l\u00b4Artesana un referent en l&#8217;educaci\u00f3 musical del poble de Catarroja. Tamb\u00e9 volem felicitar de tot cor a D. Dav\u00edd Nacher, Director de la Banda Juvenil, i a tots els m\u00fasics que integren la dita agrupaci\u00f3 musical pel Segon Premi obtingut recentment en el Certamen de Bandes Juvenils Vila d&#8217;Alc\u00e0sser.<\/p>\n<p>Tampoc podem deixar d&#8217;animar a continuar creixent a la Coral Juvenil \u00abAntonio Claverol\u00bb, dirigida per D. Vicente Almarche\u00bb, aix\u00ed com a D. Ximo Arias, el nou director titular de l&#8217;Orquestra Sinf\u00f3nca de l\u00b4Artesana; el qual, estem segurs que aconseguir\u00e0 fer d&#8217;ella una gran agrupaci\u00f3 musical.<\/p>\n<p>No podem oblidar el treball desinteressat i altruista de la Comissi\u00f3 de Dones de Santa Cec\u00edlia i, especialment a la seua Cambrera Pepa Caballero, la qual esperem haja gaudit durant els dos anys que ha representat a la nostra Societat i guarde en la seua mem\u00f2ria un grat record d&#8217;esta \u00e8poca de la seua vida.<\/p>\n<p>Felicitar els nous educands que enguany entren a formar part tant de l&#8217;Orquestra com de la Banda Simf\u00f2nica i els animem a participar i disfrutar; tant a ells com a la resta dels m\u00fasics; de totes les festes en honor a Santa Cec\u00edlia.<\/p>\n<p>Com diu el nostre himne \u00abCanto a Santa Cecilia\u00bb: que en la nostra societat siguen estes festes \u00abdeseos d&#8217;Art i Uni\u00f3n\u00bb<\/p>\n<p>Disfruteu de les festes<\/p>\n<p>LA JUNTA DIRECTIVA<\/p>\n<p><a href=\"http:\/\/www.lartesana.org\/wp-content\/uploads\/2013\/11\/CANTO.jpg\"><img loading=\"lazy\" decoding=\"async\" src=\"http:\/\/www.lartesana.org\/wp-content\/uploads\/2013\/11\/CANTO.jpg\" alt=\"Canto a Santa Cecilia\" width=\"726\" height=\"817\" class=\"aligncenter size-full wp-image-1149\" \/><\/a><\/p>\n","protected":false},"excerpt":{"rendered":"<p>Com cada any a l&#8217;hora d&#8217;ara, ens complau dirigir-nos a tots els m\u00fasics, socis i simpatitzants de l\u00b4Artesana que col\u00b7laboren per a fer de la festa a la nostra patrona Santa Cec\u00edlia, el moment m\u00e9s important de l&#8217;any. Enguany estem d&#8217;enhorabona, perqu\u00e8 en 2.013 es complixen 125 anys des que, all\u00e0 per 1.888 es va [&hellip;]<\/p>\n","protected":false},"author":1,"featured_media":1147,"comment_status":"open","ping_status":"open","sticky":false,"template":"","format":"standard","meta":{"_et_pb_use_builder":"","_et_pb_old_content":"","_et_gb_content_width":"","footnotes":""},"categories":[7],"tags":[],"class_list":["post-4461","post","type-post","status-publish","format-standard","has-post-thumbnail","hentry","category-societat"],"_links":{"self":[{"href":"https:\/\/www.lartesana.org\/es\/wp-json\/wp\/v2\/posts\/4461","targetHints":{"allow":["GET"]}}],"collection":[{"href":"https:\/\/www.lartesana.org\/es\/wp-json\/wp\/v2\/posts"}],"about":[{"href":"https:\/\/www.lartesana.org\/es\/wp-json\/wp\/v2\/types\/post"}],"author":[{"embeddable":true,"href":"https:\/\/www.lartesana.org\/es\/wp-json\/wp\/v2\/users\/1"}],"replies":[{"embeddable":true,"href":"https:\/\/www.lartesana.org\/es\/wp-json\/wp\/v2\/comments?post=4461"}],"version-history":[{"count":0,"href":"https:\/\/www.lartesana.org\/es\/wp-json\/wp\/v2\/posts\/4461\/revisions"}],"wp:featuredmedia":[{"embeddable":true,"href":"https:\/\/www.lartesana.org\/es\/wp-json\/wp\/v2\/media\/1147"}],"wp:attachment":[{"href":"https:\/\/www.lartesana.org\/es\/wp-json\/wp\/v2\/media?parent=4461"}],"wp:term":[{"taxonomy":"category","embeddable":true,"href":"https:\/\/www.lartesana.org\/es\/wp-json\/wp\/v2\/categories?post=4461"},{"taxonomy":"post_tag","embeddable":true,"href":"https:\/\/www.lartesana.org\/es\/wp-json\/wp\/v2\/tags?post=4461"}],"curies":[{"name":"wp","href":"https:\/\/api.w.org\/{rel}","templated":true}]}}