{"id":4449,"date":"2013-06-30T12:44:31","date_gmt":"2013-06-30T10:44:31","guid":{"rendered":"https:\/\/www.lartesana.org\/la-banda-juvenil-ganadora-del-2o-premio-del-certamen-de-alcasser\/"},"modified":"2013-06-30T12:44:31","modified_gmt":"2013-06-30T10:44:31","slug":"la-banda-juvenil-ganadora-del-2o-premio-del-certamen-de-alcasser","status":"publish","type":"post","link":"https:\/\/www.lartesana.org\/es\/la-banda-juvenil-ganadora-del-2o-premio-del-certamen-de-alcasser\/","title":{"rendered":"La Banda Juvenil ganadora del 2\u00ba premio del Certamen de Alc\u00e1sser"},"content":{"rendered":"<p>Este certamen se celebr\u00f3 el pasado s\u00e1bado 29 de junio de 2013 a las 22:00 en la plaza del Castell. \u00a0El jurado del certamen estuvo compuesto por reconocidos m\u00fasicos de prestigio como son Rafael Sanz, director de la Banda Sinf\u00f3nica de Madrid, Teo Aparicio, compositor y autor de la obra obligada del certamen (Retratos de Espa\u00f1a) y Joaqu\u00edn Geric\u00f3, director de la Banda sinf\u00f3nica de la Sociedad Musical Santa Cecilia de Alc\u00e0sser.<\/p>\n<p>Pincha sobre el tirulo para visualizar el v\u00eddeo:<\/p>\n<p><a title=\"Portraits of spain\" href=\"http:\/\/www.youtube.com\/watch?v=O8tVupr1I3s\" target=\"_blank\" rel=\"noopener\">Portrais of Spain \u00a0<\/a> \u00a0 \u00a0 \u00a0 \u00a0 \u00a0 \u00a0 \u00a0 \u00a0 \u00a0 \u00a0 \u00a0 \u00a0 \u00a0 \u00a0 \u00a0 \u00a0 \u00a0 \u00a0 \u00a0 \u00a0 \u00a0 \u00a0 \u00a0 \u00a0\u00a0<a title=\"Music for a Festival\" href=\"http:\/\/www.youtube.com\/watch?v=IsMqN80YTvU\">Music for a Festival<\/a><\/p>\n<p style=\"text-align: center;\"><a href=\"http:\/\/www.lartesana.org\/wp-content\/uploads\/2013\/06\/000-certamen-alcasser.jpg\"><img loading=\"lazy\" decoding=\"async\" class=\"wp-image-991 aligncenter\" alt=\"000 certamen alcasser\" src=\"http:\/\/www.lartesana.org\/wp-content\/uploads\/2013\/06\/000-certamen-alcasser.jpg\" width=\"635\" height=\"424\" srcset=\"https:\/\/www.lartesana.org\/wp-content\/uploads\/2013\/06\/000-certamen-alcasser.jpg 1296w, https:\/\/www.lartesana.org\/wp-content\/uploads\/2013\/06\/000-certamen-alcasser-1000x666.jpg 1000w\" sizes=\"(max-width: 635px) 100vw, 635px\" \/><\/a><\/p>\n","protected":false},"excerpt":{"rendered":"<p>Este certamen se celebr\u00f3 el pasado s\u00e1bado 29 de junio de 2013 a las 22:00 en la plaza del Castell. \u00a0El jurado del certamen estuvo compuesto por reconocidos m\u00fasicos de prestigio como son Rafael Sanz, director de la Banda Sinf\u00f3nica de Madrid, Teo Aparicio, compositor y autor de la obra obligada del certamen (Retratos de [&hellip;]<\/p>\n","protected":false},"author":1,"featured_media":990,"comment_status":"open","ping_status":"open","sticky":false,"template":"","format":"standard","meta":{"_et_pb_use_builder":"","_et_pb_old_content":"","_et_gb_content_width":"","footnotes":""},"categories":[9,29,8],"tags":[],"class_list":["post-4449","post","type-post","status-publish","format-standard","has-post-thumbnail","hentry","category-agrupacions","category-banda-juvenil-2","category-escola"],"_links":{"self":[{"href":"https:\/\/www.lartesana.org\/es\/wp-json\/wp\/v2\/posts\/4449","targetHints":{"allow":["GET"]}}],"collection":[{"href":"https:\/\/www.lartesana.org\/es\/wp-json\/wp\/v2\/posts"}],"about":[{"href":"https:\/\/www.lartesana.org\/es\/wp-json\/wp\/v2\/types\/post"}],"author":[{"embeddable":true,"href":"https:\/\/www.lartesana.org\/es\/wp-json\/wp\/v2\/users\/1"}],"replies":[{"embeddable":true,"href":"https:\/\/www.lartesana.org\/es\/wp-json\/wp\/v2\/comments?post=4449"}],"version-history":[{"count":0,"href":"https:\/\/www.lartesana.org\/es\/wp-json\/wp\/v2\/posts\/4449\/revisions"}],"wp:featuredmedia":[{"embeddable":true,"href":"https:\/\/www.lartesana.org\/es\/wp-json\/wp\/v2\/media\/990"}],"wp:attachment":[{"href":"https:\/\/www.lartesana.org\/es\/wp-json\/wp\/v2\/media?parent=4449"}],"wp:term":[{"taxonomy":"category","embeddable":true,"href":"https:\/\/www.lartesana.org\/es\/wp-json\/wp\/v2\/categories?post=4449"},{"taxonomy":"post_tag","embeddable":true,"href":"https:\/\/www.lartesana.org\/es\/wp-json\/wp\/v2\/tags?post=4449"}],"curies":[{"name":"wp","href":"https:\/\/api.w.org\/{rel}","templated":true}]}}