{"id":4445,"date":"2013-06-20T18:42:57","date_gmt":"2013-06-20T16:42:57","guid":{"rendered":"https:\/\/www.lartesana.org\/concierto-de-la-b-juvenil-en-el-port-de-catarroja\/"},"modified":"2013-06-20T18:42:57","modified_gmt":"2013-06-20T16:42:57","slug":"concierto-de-la-b-juvenil-en-el-port-de-catarroja","status":"publish","type":"post","link":"https:\/\/www.lartesana.org\/es\/concierto-de-la-b-juvenil-en-el-port-de-catarroja\/","title":{"rendered":"Concierto de la B. Juvenil en el Port de Catarroja"},"content":{"rendered":"<p>El pr\u00f3ximo domingo, d\u00eda 23 de junio, la Banda Juvenil de la S.M. L`Artesana ofrecer\u00e1 un concierto matinal en el Puerto de Catarroja a las 10:: horas.<\/p>\n<p>Este concierto se llevar\u00e1 a cabo durante la jornada que, tradicionalmente, celebran los clavarios de San Pedro dentro del programa de fiestas en honor a su Patr\u00f3n.<\/p>\n<p>En esta ocasi\u00f3n nuestros j\u00f3venes m\u00fasicos nos obsequiar\u00e1n, en el incomparable marco que constituye el Puerto de Catarroja, con la interpretaci\u00f3n de las siguientes obras:<\/p>\n<p>&#8211; \u00a0 PEDRITO BALA\u00d1A, \u00a0pasodoble de Antonio Claverol<\/p>\n<p>&#8211; \u00a0 MUSICA I POBLE, \u00a0pasodoble de Ferrer Ferr\u00e1n<\/p>\n<p>&#8211; \u00a0 MUSIC FOR A FESTIVAL, de Philip Sparke<\/p>\n<p>&#8211; \u00a0 PORTRAITS OF SPAIN, de Teodoro Aparicio Barber\u00e1n<\/p>\n","protected":false},"excerpt":{"rendered":"<p>El pr\u00f3ximo domingo, d\u00eda 23 de junio, la Banda Juvenil de la S.M. L`Artesana ofrecer\u00e1 un concierto matinal en el Puerto de Catarroja a las 10:: horas. Este concierto se llevar\u00e1 a cabo durante la jornada que, tradicionalmente, celebran los clavarios de San Pedro dentro del programa de fiestas en honor a su Patr\u00f3n. En [&hellip;]<\/p>\n","protected":false},"author":1,"featured_media":955,"comment_status":"open","ping_status":"open","sticky":false,"template":"","format":"standard","meta":{"_et_pb_use_builder":"","_et_pb_old_content":"","_et_gb_content_width":"","footnotes":""},"categories":[9,29],"tags":[],"class_list":["post-4445","post","type-post","status-publish","format-standard","has-post-thumbnail","hentry","category-agrupacions","category-banda-juvenil-2"],"_links":{"self":[{"href":"https:\/\/www.lartesana.org\/es\/wp-json\/wp\/v2\/posts\/4445","targetHints":{"allow":["GET"]}}],"collection":[{"href":"https:\/\/www.lartesana.org\/es\/wp-json\/wp\/v2\/posts"}],"about":[{"href":"https:\/\/www.lartesana.org\/es\/wp-json\/wp\/v2\/types\/post"}],"author":[{"embeddable":true,"href":"https:\/\/www.lartesana.org\/es\/wp-json\/wp\/v2\/users\/1"}],"replies":[{"embeddable":true,"href":"https:\/\/www.lartesana.org\/es\/wp-json\/wp\/v2\/comments?post=4445"}],"version-history":[{"count":0,"href":"https:\/\/www.lartesana.org\/es\/wp-json\/wp\/v2\/posts\/4445\/revisions"}],"wp:featuredmedia":[{"embeddable":true,"href":"https:\/\/www.lartesana.org\/es\/wp-json\/wp\/v2\/media\/955"}],"wp:attachment":[{"href":"https:\/\/www.lartesana.org\/es\/wp-json\/wp\/v2\/media?parent=4445"}],"wp:term":[{"taxonomy":"category","embeddable":true,"href":"https:\/\/www.lartesana.org\/es\/wp-json\/wp\/v2\/categories?post=4445"},{"taxonomy":"post_tag","embeddable":true,"href":"https:\/\/www.lartesana.org\/es\/wp-json\/wp\/v2\/tags?post=4445"}],"curies":[{"name":"wp","href":"https:\/\/api.w.org\/{rel}","templated":true}]}}