{"id":4413,"date":"2024-04-15T21:41:51","date_gmt":"2024-04-15T19:41:51","guid":{"rendered":"https:\/\/www.lartesana.org\/?p=4413"},"modified":"2024-04-16T20:30:51","modified_gmt":"2024-04-16T18:30:51","slug":"vii-campamento-musical-2","status":"publish","type":"post","link":"https:\/\/www.lartesana.org\/es\/vii-campamento-musical-2\/","title":{"rendered":"XIV CAMPAMENTO MUSICAL."},"content":{"rendered":"<p><span style=\"color: #000000;\">Un a\u00f1o m\u00e1s, la Escuela de M\u00fasica de la Sociedad Musical La Artesana de Catarroja, organiza su Campamento Musical que va dirigido a alumnos de Ense\u00f1anza Elemental y Profesional, y tambi\u00e9n a los fan\u00e1ticos de la m\u00fasica, en el que todos juntos disfrutaremos de la m\u00fasica fomentando la constancia de estudio, la convivencia entre personas y el trabajo en grupo. Si quieres pasarlo bien aprendiendo y practicando m\u00fasica y conviviendo con otros j\u00f3venes m\u00fasicos, ap\u00fantate a nuestro XIV Campamento Musical. Plazo de inscripci\u00f3n abierto hasta el 19 de Junio del 2024<\/span><\/p>\n\n\n<figure class=\"wp-block-image size-full\"><img loading=\"lazy\" decoding=\"async\" width=\"1427\" height=\"1784\" src=\"https:\/\/www.lartesana.org\/wp-content\/uploads\/2024\/04\/426643380_3641023852785858_2453546775689425444_n-1.jpg\" alt=\"\" class=\"wp-image-5427\" srcset=\"https:\/\/www.lartesana.org\/wp-content\/uploads\/2024\/04\/426643380_3641023852785858_2453546775689425444_n-1.jpg 1427w, https:\/\/www.lartesana.org\/wp-content\/uploads\/2024\/04\/426643380_3641023852785858_2453546775689425444_n-1-1280x1600.jpg 1280w, https:\/\/www.lartesana.org\/wp-content\/uploads\/2024\/04\/426643380_3641023852785858_2453546775689425444_n-1-980x1225.jpg 980w, https:\/\/www.lartesana.org\/wp-content\/uploads\/2024\/04\/426643380_3641023852785858_2453546775689425444_n-1-480x600.jpg 480w\" sizes=\"(min-width: 0px) and (max-width: 480px) 480px, (min-width: 481px) and (max-width: 980px) 980px, (min-width: 981px) and (max-width: 1280px) 1280px, (min-width: 1281px) 1427px, 100vw\" \/><\/figure>\n","protected":false},"excerpt":{"rendered":"<p>Un a\u00f1o m\u00e1s, la Escuela de M\u00fasica de la Sociedad Musical La Artesana de Catarroja, organiza su Campamento Musical que va dirigido a alumnos de Ense\u00f1anza Elemental y Profesional, y tambi\u00e9n a los fan\u00e1ticos de la m\u00fasica, en el que todos juntos disfrutaremos de la m\u00fasica fomentando la constancia de estudio, la convivencia entre personas [&hellip;]<\/p>\n","protected":false},"author":1,"featured_media":5431,"comment_status":"open","ping_status":"open","sticky":true,"template":"","format":"standard","meta":{"_et_pb_use_builder":"","_et_pb_old_content":"","_et_gb_content_width":"","footnotes":""},"categories":[44,8],"tags":[],"class_list":["post-4413","post","type-post","status-publish","format-standard","has-post-thumbnail","hentry","category-escuela","category-escola"],"_links":{"self":[{"href":"https:\/\/www.lartesana.org\/es\/wp-json\/wp\/v2\/posts\/4413","targetHints":{"allow":["GET"]}}],"collection":[{"href":"https:\/\/www.lartesana.org\/es\/wp-json\/wp\/v2\/posts"}],"about":[{"href":"https:\/\/www.lartesana.org\/es\/wp-json\/wp\/v2\/types\/post"}],"author":[{"embeddable":true,"href":"https:\/\/www.lartesana.org\/es\/wp-json\/wp\/v2\/users\/1"}],"replies":[{"embeddable":true,"href":"https:\/\/www.lartesana.org\/es\/wp-json\/wp\/v2\/comments?post=4413"}],"version-history":[{"count":4,"href":"https:\/\/www.lartesana.org\/es\/wp-json\/wp\/v2\/posts\/4413\/revisions"}],"predecessor-version":[{"id":5459,"href":"https:\/\/www.lartesana.org\/es\/wp-json\/wp\/v2\/posts\/4413\/revisions\/5459"}],"wp:featuredmedia":[{"embeddable":true,"href":"https:\/\/www.lartesana.org\/es\/wp-json\/wp\/v2\/media\/5431"}],"wp:attachment":[{"href":"https:\/\/www.lartesana.org\/es\/wp-json\/wp\/v2\/media?parent=4413"}],"wp:term":[{"taxonomy":"category","embeddable":true,"href":"https:\/\/www.lartesana.org\/es\/wp-json\/wp\/v2\/categories?post=4413"},{"taxonomy":"post_tag","embeddable":true,"href":"https:\/\/www.lartesana.org\/es\/wp-json\/wp\/v2\/tags?post=4413"}],"curies":[{"name":"wp","href":"https:\/\/api.w.org\/{rel}","templated":true}]}}