{"id":3383,"date":"2023-12-11T12:46:30","date_gmt":"2023-12-11T11:46:30","guid":{"rendered":"https:\/\/www.lartesana.org\/?p=3383"},"modified":"2023-12-12T14:37:42","modified_gmt":"2023-12-12T13:37:42","slug":"concert-coral-antonio-claverol","status":"publish","type":"post","link":"https:\/\/www.lartesana.org\/es\/concert-coral-antonio-claverol\/","title":{"rendered":"Concert Coral \u00abAntonio Claverol\u00bb"},"content":{"rendered":"\n<p>La Coral Juvenil \u00abAntonio Claverol\u00bb, sota la direcci\u00f3 de Visente Almarche Pons, ens oferir\u00e1 un concert Homenatge a Don Salvador Chuli\u00e1 el pr\u00f2xim dimecres 20 de decembre de 2023, a les 18.30h a l&#8217;Esgl\u00e9sia de Sant Antoni de Padua de Catarroja.<\/p>\n\n\n\n<p><img loading=\"lazy\" decoding=\"async\" width=\"16\" height=\"16\" src=\"https:\/\/static.xx.fbcdn.net\/images\/emoji.php\/v9\/t96\/1\/16\/1f49c.png\" alt=\"?\">Seguim FENTARTESANA!!!!<\/p>\n\n\n\n<figure class=\"wp-block-image size-large is-resized is-style-rounded\"><img loading=\"lazy\" decoding=\"async\" src=\"http:\/\/www.lartesana.org\/wp-content\/uploads\/2023\/12\/coral-2023-A-cLAVEROL-404549204_838091791659787_3559175405438366090_n.jpg\" alt=\"\" class=\"wp-image-3387\" width=\"519\" height=\"171\" srcset=\"https:\/\/www.lartesana.org\/wp-content\/uploads\/2023\/12\/coral-2023-A-cLAVEROL-404549204_838091791659787_3559175405438366090_n.jpg 1226w, https:\/\/www.lartesana.org\/wp-content\/uploads\/2023\/12\/coral-2023-A-cLAVEROL-404549204_838091791659787_3559175405438366090_n-1000x330.jpg 1000w, https:\/\/www.lartesana.org\/wp-content\/uploads\/2023\/12\/coral-2023-A-cLAVEROL-404549204_838091791659787_3559175405438366090_n-768x254.jpg 768w\" sizes=\"(max-width: 519px) 100vw, 519px\" \/><\/figure>\n\n\n\n<div class=\"wp-block-image\"><figure class=\"alignleft size-large is-resized\"><img loading=\"lazy\" decoding=\"async\" src=\"http:\/\/www.lartesana.org\/wp-content\/uploads\/2023\/12\/2023-CONCERT-NADAL-CORAL-409131937_858001522997150_4233732817977192913_n.jpg\" alt=\"\" class=\"wp-image-3384\" width=\"231\" height=\"323\" srcset=\"https:\/\/www.lartesana.org\/wp-content\/uploads\/2023\/12\/2023-CONCERT-NADAL-CORAL-409131937_858001522997150_4233732817977192913_n.jpg 1428w, https:\/\/www.lartesana.org\/wp-content\/uploads\/2023\/12\/2023-CONCERT-NADAL-CORAL-409131937_858001522997150_4233732817977192913_n-714x1000.jpg 714w, https:\/\/www.lartesana.org\/wp-content\/uploads\/2023\/12\/2023-CONCERT-NADAL-CORAL-409131937_858001522997150_4233732817977192913_n-768x1076.jpg 768w, https:\/\/www.lartesana.org\/wp-content\/uploads\/2023\/12\/2023-CONCERT-NADAL-CORAL-409131937_858001522997150_4233732817977192913_n-1097x1536.jpg 1097w\" sizes=\"(max-width: 231px) 100vw, 231px\" \/><\/figure><\/div>\n\n\n\n<div class=\"wp-block-image\"><figure class=\"alignright size-large is-resized\"><img loading=\"lazy\" decoding=\"async\" src=\"http:\/\/www.lartesana.org\/wp-content\/uploads\/2023\/12\/2023-coral-concert-nadal_page-0001.jpg\" alt=\"\" class=\"wp-image-3406\" width=\"333\" height=\"470\" srcset=\"https:\/\/www.lartesana.org\/wp-content\/uploads\/2023\/12\/2023-coral-concert-nadal_page-0001.jpg 1241w, https:\/\/www.lartesana.org\/wp-content\/uploads\/2023\/12\/2023-coral-concert-nadal_page-0001-707x1000.jpg 707w, https:\/\/www.lartesana.org\/wp-content\/uploads\/2023\/12\/2023-coral-concert-nadal_page-0001-768x1086.jpg 768w, https:\/\/www.lartesana.org\/wp-content\/uploads\/2023\/12\/2023-coral-concert-nadal_page-0001-1086x1536.jpg 1086w\" sizes=\"(max-width: 333px) 100vw, 333px\" \/><\/figure><\/div>\n","protected":false},"excerpt":{"rendered":"<p>La Coral Juvenil \u00abAntonio Claverol\u00bb, sota la direcci\u00f3 de Visente Almarche Pons, ens oferir\u00e1 un concert Homenatge a Don Salvador Chuli\u00e1 el pr\u00f2xim dimecres 20 de decembre de 2023, a les 18.30h a l&#8217;Esgl\u00e9sia de Sant Antoni de Padua de Catarroja. Seguim FENTARTESANA!!!!<\/p>\n","protected":false},"author":3,"featured_media":3389,"comment_status":"open","ping_status":"open","sticky":false,"template":"","format":"standard","meta":{"_et_pb_use_builder":"","_et_pb_old_content":"","_et_gb_content_width":"","footnotes":""},"categories":[9,13],"tags":[],"class_list":["post-3383","post","type-post","status-publish","format-standard","has-post-thumbnail","hentry","category-agrupacions","category-coral"],"_links":{"self":[{"href":"https:\/\/www.lartesana.org\/es\/wp-json\/wp\/v2\/posts\/3383","targetHints":{"allow":["GET"]}}],"collection":[{"href":"https:\/\/www.lartesana.org\/es\/wp-json\/wp\/v2\/posts"}],"about":[{"href":"https:\/\/www.lartesana.org\/es\/wp-json\/wp\/v2\/types\/post"}],"author":[{"embeddable":true,"href":"https:\/\/www.lartesana.org\/es\/wp-json\/wp\/v2\/users\/3"}],"replies":[{"embeddable":true,"href":"https:\/\/www.lartesana.org\/es\/wp-json\/wp\/v2\/comments?post=3383"}],"version-history":[{"count":8,"href":"https:\/\/www.lartesana.org\/es\/wp-json\/wp\/v2\/posts\/3383\/revisions"}],"predecessor-version":[{"id":3408,"href":"https:\/\/www.lartesana.org\/es\/wp-json\/wp\/v2\/posts\/3383\/revisions\/3408"}],"wp:featuredmedia":[{"embeddable":true,"href":"https:\/\/www.lartesana.org\/es\/wp-json\/wp\/v2\/media\/3389"}],"wp:attachment":[{"href":"https:\/\/www.lartesana.org\/es\/wp-json\/wp\/v2\/media?parent=3383"}],"wp:term":[{"taxonomy":"category","embeddable":true,"href":"https:\/\/www.lartesana.org\/es\/wp-json\/wp\/v2\/categories?post=3383"},{"taxonomy":"post_tag","embeddable":true,"href":"https:\/\/www.lartesana.org\/es\/wp-json\/wp\/v2\/tags?post=3383"}],"curies":[{"name":"wp","href":"https:\/\/api.w.org\/{rel}","templated":true}]}}