{"id":3347,"date":"2023-10-31T14:37:47","date_gmt":"2023-10-31T13:37:47","guid":{"rendered":"https:\/\/www.lartesana.org\/?p=3347"},"modified":"2023-10-31T14:43:33","modified_gmt":"2023-10-31T13:43:33","slug":"concierto-de-santa-cecilia-2023","status":"publish","type":"post","link":"https:\/\/www.lartesana.org\/es\/concierto-de-santa-cecilia-2023\/","title":{"rendered":"Concierto de Santa Cecilia 2023"},"content":{"rendered":"\n<p>Con la llegada del mes de noviembre, las fiestas en honor a nuestra patrona Santa Cecilia llaman a la puerta de nuestra Artesana. Como ya viene siendo habitual, nuestra Sociedad rendir\u00e1 homenaje y reconocimiento en el ya tradicional Concierto de Santa Cecilia a personas que forman parte de la familia de la Artesana.<\/p>\n\n\n\n<p>Este a\u00f1o ser\u00e1 el turno para una de las figuras m\u00e1s importantes de la historia de la Artesana, ser\u00e1 el momento de rendir homenaje y reconocimiento al maestro Don Salvador Chuli\u00e1 Hern\u00e1ndez, as\u00ed como, a Mari Carmen Ramiro Boluda; Camarera de Santa Cecilia y Madrina de nuestra bandera.<\/p>\n\n\n\n<p>Ser\u00e1 en los conciertos que tendr\u00e1n lugar en el TAC Catarroja el Viernes d\u00eda 17 de noviembre a las 20h (Concierto Monogr\u00e1fico) con la presencia de Josu de Solaun, Miguel Angel Gorrea, Ver\u00f3nica G\u00f3mez y Antonio Cambres Rodr\u00edguez y el S\u00e1bado 18 de noviembre a las 17,30h en el (concierto de Santa Cec\u00edlia 2023)  con las agrupaciones Sinf\u00f3nicas de Orquesta, Banda y Coral \u00abAntonio   Claverol\u00bb  junto   al   Solista   Ernesto  Chuli\u00e1,  #FentArtesana<\/p>\n\n\n\n<div class=\"wp-block-image\"><figure class=\"aligncenter size-large is-resized\"><img loading=\"lazy\" decoding=\"async\" src=\"http:\/\/www.lartesana.org\/wp-content\/uploads\/2023\/10\/Salvador-Chulia.jpg\" alt=\"\" class=\"wp-image-3357\" width=\"317\" height=\"317\" srcset=\"https:\/\/www.lartesana.org\/wp-content\/uploads\/2023\/10\/Salvador-Chulia.jpg 385w, https:\/\/www.lartesana.org\/wp-content\/uploads\/2023\/10\/Salvador-Chulia-150x150.jpg 150w, https:\/\/www.lartesana.org\/wp-content\/uploads\/2023\/10\/Salvador-Chulia-140x140.jpg 140w, https:\/\/www.lartesana.org\/wp-content\/uploads\/2023\/10\/Salvador-Chulia-74x74.jpg 74w, https:\/\/www.lartesana.org\/wp-content\/uploads\/2023\/10\/Salvador-Chulia-184x184.jpg 184w\" sizes=\"(max-width: 317px) 100vw, 317px\" \/><figcaption><strong><em>D. Salvador Chuli\u00e1 Hern\u00e1ndez<\/em><\/strong><\/figcaption><\/figure><\/div>\n\n\n\n<div class=\"wp-block-image\"><figure class=\"alignleft size-large is-resized\"><img loading=\"lazy\" decoding=\"async\" src=\"http:\/\/www.lartesana.org\/wp-content\/uploads\/2023\/10\/cartel-concert-SC-2023.jpg\" alt=\"\" class=\"wp-image-3348\" width=\"267\" height=\"377\" srcset=\"https:\/\/www.lartesana.org\/wp-content\/uploads\/2023\/10\/cartel-concert-SC-2023.jpg 1131w, https:\/\/www.lartesana.org\/wp-content\/uploads\/2023\/10\/cartel-concert-SC-2023-707x1000.jpg 707w, https:\/\/www.lartesana.org\/wp-content\/uploads\/2023\/10\/cartel-concert-SC-2023-768x1086.jpg 768w, https:\/\/www.lartesana.org\/wp-content\/uploads\/2023\/10\/cartel-concert-SC-2023-1086x1536.jpg 1086w\" sizes=\"(max-width: 267px) 100vw, 267px\" \/><\/figure><\/div>\n\n\n\n<div class=\"wp-block-image\"><figure class=\"alignright size-large is-resized\"><img loading=\"lazy\" decoding=\"async\" src=\"http:\/\/www.lartesana.org\/wp-content\/uploads\/2023\/10\/cartel-SC-2023-2.jpg\" alt=\"\" class=\"wp-image-3351\" width=\"280\" height=\"396\" srcset=\"https:\/\/www.lartesana.org\/wp-content\/uploads\/2023\/10\/cartel-SC-2023-2.jpg 1131w, https:\/\/www.lartesana.org\/wp-content\/uploads\/2023\/10\/cartel-SC-2023-2-707x1000.jpg 707w, https:\/\/www.lartesana.org\/wp-content\/uploads\/2023\/10\/cartel-SC-2023-2-768x1086.jpg 768w, https:\/\/www.lartesana.org\/wp-content\/uploads\/2023\/10\/cartel-SC-2023-2-1086x1536.jpg 1086w\" sizes=\"(max-width: 280px) 100vw, 280px\" \/><\/figure><\/div>\n\n\n\n<p><\/p>\n","protected":false},"excerpt":{"rendered":"<p>Con la llegada del mes de noviembre, las fiestas en honor a nuestra patrona Santa Cecilia llaman a la puerta de nuestra Artesana. Como ya viene siendo habitual, nuestra Sociedad rendir\u00e1 homenaje y reconocimiento en el ya tradicional Concierto de Santa Cecilia a personas que forman parte de la familia de la Artesana. Este a\u00f1o [&hellip;]<\/p>\n","protected":false},"author":3,"featured_media":3348,"comment_status":"open","ping_status":"open","sticky":false,"template":"","format":"standard","meta":{"_et_pb_use_builder":"","_et_pb_old_content":"","_et_gb_content_width":"","footnotes":""},"categories":[9,7],"tags":[],"class_list":["post-3347","post","type-post","status-publish","format-standard","has-post-thumbnail","hentry","category-agrupacions","category-societat"],"_links":{"self":[{"href":"https:\/\/www.lartesana.org\/es\/wp-json\/wp\/v2\/posts\/3347","targetHints":{"allow":["GET"]}}],"collection":[{"href":"https:\/\/www.lartesana.org\/es\/wp-json\/wp\/v2\/posts"}],"about":[{"href":"https:\/\/www.lartesana.org\/es\/wp-json\/wp\/v2\/types\/post"}],"author":[{"embeddable":true,"href":"https:\/\/www.lartesana.org\/es\/wp-json\/wp\/v2\/users\/3"}],"replies":[{"embeddable":true,"href":"https:\/\/www.lartesana.org\/es\/wp-json\/wp\/v2\/comments?post=3347"}],"version-history":[{"count":11,"href":"https:\/\/www.lartesana.org\/es\/wp-json\/wp\/v2\/posts\/3347\/revisions"}],"predecessor-version":[{"id":3362,"href":"https:\/\/www.lartesana.org\/es\/wp-json\/wp\/v2\/posts\/3347\/revisions\/3362"}],"wp:featuredmedia":[{"embeddable":true,"href":"https:\/\/www.lartesana.org\/es\/wp-json\/wp\/v2\/media\/3348"}],"wp:attachment":[{"href":"https:\/\/www.lartesana.org\/es\/wp-json\/wp\/v2\/media?parent=3347"}],"wp:term":[{"taxonomy":"category","embeddable":true,"href":"https:\/\/www.lartesana.org\/es\/wp-json\/wp\/v2\/categories?post=3347"},{"taxonomy":"post_tag","embeddable":true,"href":"https:\/\/www.lartesana.org\/es\/wp-json\/wp\/v2\/tags?post=3347"}],"curies":[{"name":"wp","href":"https:\/\/api.w.org\/{rel}","templated":true}]}}