{"id":3338,"date":"2023-10-20T21:16:00","date_gmt":"2023-10-20T19:16:00","guid":{"rendered":"https:\/\/www.lartesana.org\/?p=3338"},"modified":"2023-11-24T14:07:27","modified_gmt":"2023-11-24T13:07:27","slug":"nou-director-de-lorquestra","status":"publish","type":"post","link":"https:\/\/www.lartesana.org\/es\/nou-director-de-lorquestra\/","title":{"rendered":"Nou Director de l&#8217;Orquestra en el Concert de Tardor"},"content":{"rendered":"\n<p>Comencem amb molta il\u00b7lusi\u00f3 una nova etapa per a la nostra <img loading=\"lazy\" decoding=\"async\" height=\"16\" width=\"16\" alt=\"&#x1f3bb;\" src=\"https:\/\/static.xx.fbcdn.net\/images\/emoji.php\/v9\/t4b\/1\/16\/1f3bb.png\"> Orquestra Simf\u00f2nica, presentant a qui des d&#8217;aquest mes d&#8217;octubre ja est\u00e0 treballant com a nou director titular de la nostra formaci\u00f3. Donem la benvinguda a Mario Torres Mas, qui per obrir boca junt als components de la nostra Orquestra Simf\u00f2nica,  han preparat un concert amb una vessant cambr\u00edstica, per a quest 21 d&#8217;octubre al Sal\u00f3 d&#8217;Actes del local social. <\/p>\n\n\n\n<p>Estem molt contents de rebre en la nostra familia de L&#8217;Artesana a quest jove director, qui ser\u00e1 presentat de manera oficial com a nou director titular el mes vinent de novembre al Concert de Santa Cecilia.<\/p>\n\n\n\n<p>Mario entre altres m\u00e8rits, recentment va ser nomenat director assistent de la Jove Orquestra de la Generalitat Valenciana i a mes a mes  ha exercit el c\u00e0rrec de director assistent de l&#8217;Orquestra Filharm\u00f2nica de la Universitat de Val\u00e8ncia. <\/p>\n\n\n\n<p><img loading=\"lazy\" decoding=\"async\" height=\"16\" width=\"16\" alt=\"&#x1f49c;\" src=\"https:\/\/static.xx.fbcdn.net\/images\/emoji.php\/v9\/t96\/1\/16\/1f49c.png\"> Molt\u00edssima sort i benvingut Mario!!!!!!!!<\/p>\n\n\n\n<div class=\"wp-block-image\"><figure class=\"aligncenter size-large is-resized\"><img loading=\"lazy\" decoding=\"async\" src=\"http:\/\/www.lartesana.org\/wp-content\/uploads\/2023\/10\/director-orquestra-2023-2.jpg\" alt=\"\" class=\"wp-image-3339\" width=\"424\" height=\"428\" srcset=\"https:\/\/www.lartesana.org\/wp-content\/uploads\/2023\/10\/director-orquestra-2023-2.jpg 788w, https:\/\/www.lartesana.org\/wp-content\/uploads\/2023\/10\/director-orquestra-2023-2-150x150.jpg 150w, https:\/\/www.lartesana.org\/wp-content\/uploads\/2023\/10\/director-orquestra-2023-2-768x777.jpg 768w, https:\/\/www.lartesana.org\/wp-content\/uploads\/2023\/10\/director-orquestra-2023-2-140x140.jpg 140w, https:\/\/www.lartesana.org\/wp-content\/uploads\/2023\/10\/director-orquestra-2023-2-74x74.jpg 74w\" sizes=\"(max-width: 424px) 100vw, 424px\" \/><figcaption><strong>Mario Torres Mas<\/strong><\/figcaption><\/figure><\/div>\n\n\n\n<p><\/p>\n","protected":false},"excerpt":{"rendered":"<p>Comencem amb molta il\u00b7lusi\u00f3 una nova etapa per a la nostra Orquestra Simf\u00f2nica, presentant a qui des d&#8217;aquest mes d&#8217;octubre ja est\u00e0 treballant com a nou director titular de la nostra formaci\u00f3. Donem la benvinguda a Mario Torres Mas, qui per obrir boca junt als components de la nostra Orquestra Simf\u00f2nica, han preparat un concert [&hellip;]<\/p>\n","protected":false},"author":3,"featured_media":3340,"comment_status":"open","ping_status":"open","sticky":true,"template":"","format":"standard","meta":{"_et_pb_use_builder":"","_et_pb_old_content":"","_et_gb_content_width":"","footnotes":""},"categories":[9,11],"tags":[],"class_list":["post-3338","post","type-post","status-publish","format-standard","has-post-thumbnail","hentry","category-agrupacions","category-orquestra"],"_links":{"self":[{"href":"https:\/\/www.lartesana.org\/es\/wp-json\/wp\/v2\/posts\/3338","targetHints":{"allow":["GET"]}}],"collection":[{"href":"https:\/\/www.lartesana.org\/es\/wp-json\/wp\/v2\/posts"}],"about":[{"href":"https:\/\/www.lartesana.org\/es\/wp-json\/wp\/v2\/types\/post"}],"author":[{"embeddable":true,"href":"https:\/\/www.lartesana.org\/es\/wp-json\/wp\/v2\/users\/3"}],"replies":[{"embeddable":true,"href":"https:\/\/www.lartesana.org\/es\/wp-json\/wp\/v2\/comments?post=3338"}],"version-history":[{"count":6,"href":"https:\/\/www.lartesana.org\/es\/wp-json\/wp\/v2\/posts\/3338\/revisions"}],"predecessor-version":[{"id":3381,"href":"https:\/\/www.lartesana.org\/es\/wp-json\/wp\/v2\/posts\/3338\/revisions\/3381"}],"wp:featuredmedia":[{"embeddable":true,"href":"https:\/\/www.lartesana.org\/es\/wp-json\/wp\/v2\/media\/3340"}],"wp:attachment":[{"href":"https:\/\/www.lartesana.org\/es\/wp-json\/wp\/v2\/media?parent=3338"}],"wp:term":[{"taxonomy":"category","embeddable":true,"href":"https:\/\/www.lartesana.org\/es\/wp-json\/wp\/v2\/categories?post=3338"},{"taxonomy":"post_tag","embeddable":true,"href":"https:\/\/www.lartesana.org\/es\/wp-json\/wp\/v2\/tags?post=3338"}],"curies":[{"name":"wp","href":"https:\/\/api.w.org\/{rel}","templated":true}]}}