{"id":3322,"date":"2023-09-28T14:24:00","date_gmt":"2023-09-28T12:24:00","guid":{"rendered":"https:\/\/www.lartesana.org\/?p=3322"},"modified":"2023-09-28T14:30:06","modified_gmt":"2023-09-28T12:30:06","slug":"activitats-banda-jove-eduado-tarin","status":"publish","type":"post","link":"https:\/\/www.lartesana.org\/es\/activitats-banda-jove-eduado-tarin\/","title":{"rendered":"Activitats Banda Jove Eduado Tar\u00edn"},"content":{"rendered":"\n<p>Principi de temporada intens per a la Banda Jove! <img loading=\"lazy\" decoding=\"async\" height=\"16\" width=\"16\" alt=\"&#x1f389;\" src=\"https:\/\/static.xx.fbcdn.net\/images\/emoji.php\/v9\/t8c\/1\/16\/1f389.png\"><img loading=\"lazy\" decoding=\"async\" height=\"16\" width=\"16\" alt=\"&#x1f36c;\" src=\"https:\/\/static.xx.fbcdn.net\/images\/emoji.php\/v9\/t78\/1\/16\/1f36c.png\">Dem\u00e0 participen a la cavalcada de Sant Miquel, al poble.<img loading=\"lazy\" decoding=\"async\" height=\"16\" width=\"16\" alt=\"&#x1f941;\" src=\"https:\/\/static.xx.fbcdn.net\/images\/emoji.php\/v9\/t8e\/1\/16\/1f941.png\">El dissabte d\u00eda 30, a la Trobada de Bandes Juvenils de la comarca, a Albal.<img loading=\"lazy\" decoding=\"async\" height=\"16\" width=\"16\" alt=\"&#x1f3b6;\" src=\"https:\/\/static.xx.fbcdn.net\/images\/emoji.php\/v9\/t1f\/1\/16\/1f3b6.png\"> I el diumenge d\u00eda 31 , concert a Benet\u00fasser junt a la <a href=\"https:\/\/www.facebook.com\/sacumb?__cft__[0]=AZXOTHbYeIODAhU90gaN453UMgJP8Yps-wqorPBDD3io9HYdyrjpqnrA6VsdG6d5szqBuN-KA_NdFT4pKGpZc88DbpkCFbvoPTKiALfKDiC9aRPVqXttJeXqY6SosYRNeWerdaCdyXuOQDa2Ej5G4nOC33T-XrNXSPkfJlmF9qspPsrvUwpcA00oYGYBGGUTV-Q&amp;__tn__=-]K-R\">Uni\u00f3n Musical de Benet\u00fasser<\/a>, emmarcat dins la XX campanya de concerts d\u2019intercanvis musicals. <\/p>\n\n\n\n<p><a href=\"https:\/\/www.facebook.com\/sociedadesmusicales?__cft__[0]=AZXOTHbYeIODAhU90gaN453UMgJP8Yps-wqorPBDD3io9HYdyrjpqnrA6VsdG6d5szqBuN-KA_NdFT4pKGpZc88DbpkCFbvoPTKiALfKDiC9aRPVqXttJeXqY6SosYRNeWerdaCdyXuOQDa2Ej5G4nOC33T-XrNXSPkfJlmF9qspPsrvUwpcA00oYGYBGGUTV-Q&amp;__tn__=-]K-R\">FSMCV<\/a><\/p>\n\n\n\n<p><a href=\"https:\/\/www.facebook.com\/GVAInstitutValenciadeCultura?__cft__[0]=AZXOTHbYeIODAhU90gaN453UMgJP8Yps-wqorPBDD3io9HYdyrjpqnrA6VsdG6d5szqBuN-KA_NdFT4pKGpZc88DbpkCFbvoPTKiALfKDiC9aRPVqXttJeXqY6SosYRNeWerdaCdyXuOQDa2Ej5G4nOC33T-XrNXSPkfJlmF9qspPsrvUwpcA00oYGYBGGUTV-Q&amp;__tn__=-]K-R\">Institut Valenci\u00e0 de Cultura GVA <\/a><\/p>\n\n\n\n<p><a href=\"https:\/\/www.facebook.com\/AjuntamentdeCatarroja?__cft__[0]=AZXOTHbYeIODAhU90gaN453UMgJP8Yps-wqorPBDD3io9HYdyrjpqnrA6VsdG6d5szqBuN-KA_NdFT4pKGpZc88DbpkCFbvoPTKiALfKDiC9aRPVqXttJeXqY6SosYRNeWerdaCdyXuOQDa2Ej5G4nOC33T-XrNXSPkfJlmF9qspPsrvUwpcA00oYGYBGGUTV-Q&amp;__tn__=-]K-R\">Ajuntament de Catarroja <\/a><\/p>\n\n\n\n<p><a href=\"https:\/\/www.facebook.com\/Ajuntament-de-Benetusser-321970328633571\/?__cft__[0]=AZXOTHbYeIODAhU90gaN453UMgJP8Yps-wqorPBDD3io9HYdyrjpqnrA6VsdG6d5szqBuN-KA_NdFT4pKGpZc88DbpkCFbvoPTKiALfKDiC9aRPVqXttJeXqY6SosYRNeWerdaCdyXuOQDa2Ej5G4nOC33T-XrNXSPkfJlmF9qspPsrvUwpcA00oYGYBGGUTV-Q&amp;__tn__=kK-R\">Ajuntament de Benetusser<\/a><\/p>\n\n\n\n<p><a href=\"https:\/\/www.facebook.com\/hashtag\/fentartesana?__eep__=6&amp;__cft__[0]=AZXOTHbYeIODAhU90gaN453UMgJP8Yps-wqorPBDD3io9HYdyrjpqnrA6VsdG6d5szqBuN-KA_NdFT4pKGpZc88DbpkCFbvoPTKiALfKDiC9aRPVqXttJeXqY6SosYRNeWerdaCdyXuOQDa2Ej5G4nOC33T-XrNXSPkfJlmF9qspPsrvUwpcA00oYGYBGGUTV-Q&amp;__tn__=*NK-R\">#FentArtesana<\/a><img loading=\"lazy\" decoding=\"async\" height=\"16\" width=\"16\" alt=\"&#x1f49c;\" src=\"https:\/\/static.xx.fbcdn.net\/images\/emoji.php\/v9\/t96\/1\/16\/1f49c.png\"><\/p>\n\n\n\n<div class=\"wp-block-image\"><figure class=\"alignleft size-large is-resized\"><img loading=\"lazy\" decoding=\"async\" src=\"http:\/\/www.lartesana.org\/wp-content\/uploads\/2023\/09\/IMG_1022.jpg\" alt=\"\" class=\"wp-image-3325\" width=\"242\" height=\"303\"\/><\/figure><\/div>\n\n\n\n<figure class=\"wp-block-image size-large\"><img decoding=\"async\" src=\"blob:http:\/\/www.lartesana.org\/7127f722-ae20-4691-89db-e4e5361ccc0b\" alt=\"\"\/><\/figure>\n\n\n\n<div class=\"wp-block-image\"><figure class=\"alignright size-large is-resized\"><img loading=\"lazy\" decoding=\"async\" src=\"http:\/\/www.lartesana.org\/wp-content\/uploads\/2023\/09\/IMG_1023-2.jpg\" alt=\"\" class=\"wp-image-3327\" width=\"273\" height=\"341\" srcset=\"https:\/\/www.lartesana.org\/wp-content\/uploads\/2023\/09\/IMG_1023-2.jpg 1080w, https:\/\/www.lartesana.org\/wp-content\/uploads\/2023\/09\/IMG_1023-2-801x1000.jpg 801w, https:\/\/www.lartesana.org\/wp-content\/uploads\/2023\/09\/IMG_1023-2-768x959.jpg 768w\" sizes=\"(max-width: 273px) 100vw, 273px\" \/><\/figure><\/div>\n\n\n\n<p><a href=\"https:\/\/www.facebook.com\/photo\/?fbid=800875715381395&amp;set=pcb.800881078714192&amp;__cft__[0]=AZXOTHbYeIODAhU90gaN453UMgJP8Yps-wqorPBDD3io9HYdyrjpqnrA6VsdG6d5szqBuN-KA_NdFT4pKGpZc88DbpkCFbvoPTKiALfKDiC9aRPVqXttJeXqY6SosYRNeWerdaCdyXuOQDa2Ej5G4nOC33T-XrNXSPkfJlmF9qspPsrvUwpcA00oYGYBGGUTV-Q&amp;__tn__=*bH-R\"><\/a><a href=\"https:\/\/www.facebook.com\/photo\/?fbid=800875722048061&amp;set=pcb.800881078714192&amp;__cft__[0]=AZXOTHbYeIODAhU90gaN453UMgJP8Yps-wqorPBDD3io9HYdyrjpqnrA6VsdG6d5szqBuN-KA_NdFT4pKGpZc88DbpkCFbvoPTKiALfKDiC9aRPVqXttJeXqY6SosYRNeWerdaCdyXuOQDa2Ej5G4nOC33T-XrNXSPkfJlmF9qspPsrvUwpcA00oYGYBGGUTV-Q&amp;__tn__=*bH-R\"><\/a><\/p>\n\n\n\n<figure class=\"wp-block-image size-large\"><img decoding=\"async\" src=\"blob:http:\/\/www.lartesana.org\/5f923109-b401-4c5d-a7ca-fcd6fbd91c7e\" alt=\"\"\/><\/figure>\n\n\n\n<figure class=\"wp-block-image size-large\"><img decoding=\"async\" src=\"blob:http:\/\/www.lartesana.org\/49ba41e5-834d-4409-8b0f-044b1bae3dba\" alt=\"\"\/><\/figure>\n\n\n\n<p><\/p>\n","protected":false},"excerpt":{"rendered":"<p>Principi de temporada intens per a la Banda Jove! Dem\u00e0 participen a la cavalcada de Sant Miquel, al poble.El dissabte d\u00eda 30, a la Trobada de Bandes Juvenils de la comarca, a Albal. I el diumenge d\u00eda 31 , concert a Benet\u00fasser junt a la Uni\u00f3n Musical de Benet\u00fasser, emmarcat dins la XX campanya de [&hellip;]<\/p>\n","protected":false},"author":3,"featured_media":3331,"comment_status":"open","ping_status":"open","sticky":false,"template":"","format":"standard","meta":{"_et_pb_use_builder":"","_et_pb_old_content":"","_et_gb_content_width":"","footnotes":""},"categories":[9,12],"tags":[],"class_list":["post-3322","post","type-post","status-publish","format-standard","has-post-thumbnail","hentry","category-agrupacions","category-banda-juvenil"],"_links":{"self":[{"href":"https:\/\/www.lartesana.org\/es\/wp-json\/wp\/v2\/posts\/3322","targetHints":{"allow":["GET"]}}],"collection":[{"href":"https:\/\/www.lartesana.org\/es\/wp-json\/wp\/v2\/posts"}],"about":[{"href":"https:\/\/www.lartesana.org\/es\/wp-json\/wp\/v2\/types\/post"}],"author":[{"embeddable":true,"href":"https:\/\/www.lartesana.org\/es\/wp-json\/wp\/v2\/users\/3"}],"replies":[{"embeddable":true,"href":"https:\/\/www.lartesana.org\/es\/wp-json\/wp\/v2\/comments?post=3322"}],"version-history":[{"count":2,"href":"https:\/\/www.lartesana.org\/es\/wp-json\/wp\/v2\/posts\/3322\/revisions"}],"predecessor-version":[{"id":3329,"href":"https:\/\/www.lartesana.org\/es\/wp-json\/wp\/v2\/posts\/3322\/revisions\/3329"}],"wp:featuredmedia":[{"embeddable":true,"href":"https:\/\/www.lartesana.org\/es\/wp-json\/wp\/v2\/media\/3331"}],"wp:attachment":[{"href":"https:\/\/www.lartesana.org\/es\/wp-json\/wp\/v2\/media?parent=3322"}],"wp:term":[{"taxonomy":"category","embeddable":true,"href":"https:\/\/www.lartesana.org\/es\/wp-json\/wp\/v2\/categories?post=3322"},{"taxonomy":"post_tag","embeddable":true,"href":"https:\/\/www.lartesana.org\/es\/wp-json\/wp\/v2\/tags?post=3322"}],"curies":[{"name":"wp","href":"https:\/\/api.w.org\/{rel}","templated":true}]}}