{"id":3314,"date":"2023-09-27T22:02:00","date_gmt":"2023-09-27T20:02:00","guid":{"rendered":"https:\/\/www.lartesana.org\/?p=3314"},"modified":"2023-10-01T19:47:49","modified_gmt":"2023-10-01T17:47:49","slug":"concierto-festividad-9-doctubre","status":"publish","type":"post","link":"https:\/\/www.lartesana.org\/es\/concierto-festividad-9-doctubre\/","title":{"rendered":"Concierto festividad 9 d&#8217;octubre"},"content":{"rendered":"\n<p>El cantautor Andreu Valor y la Banda Sinf\u00f3nica de la Societat Musical l&#8217;Artesana brindar\u00e1n un espect\u00e1culo conjunto enmarcado en la programaci\u00f3n de actos para el 9 de octubre. Bandat\u00f2rium es un proyecto vivo de Andreu Valor que perdura y cosigue subir al escenario al cantautor y a las bandas sinf\u00f3nicas de cada poblaci\u00f3n en la que act\u00faa. Este proyecto se trata de una propuesta arriesgada pero emocionante, que consiste en llevar al plano sinf\u00f3nico un repertorio de sus mejores canciones. En esta ocasi\u00f3n ser\u00e1n 13 canciones llenas de la fuerza y elegancia que una banda sinf\u00f3nica es capaz de aportar. El \u201cBandaut\u00f3rium\u201d de Catarroja tendr\u00e1 lugar el pr\u00f3ximo s\u00e1bado 7<strong> <\/strong>de octubre de 2023 a las 19:00 horas en el Teatro Audotorio de Catarroja.  El concierto estar\u00e1 dirigido por nuestro director Ximo Arias. La entrada es gratuita hasta completar el aforo del TAC.<\/p>\n\n\n\n<p><a href=\"https:\/\/www.facebook.com\/hashtag\/fentartesana?__eep__=6&amp;__cft__[0]=AZUzwwbOHf_O3sMD3Z7Y2v-q-VyaBHzdRCZh9hQQFkWItR_fHrVlPx6k0PYmsv3KANrP-u_dIL5af9fgPCAZ269vSYElkO7RRTjmtl3pfnEojxjtcYXwp_9CgegSo4bWd88&amp;__tn__=*NK-R\">#FentArtesana<\/a> <\/p>\n\n\n\n<div class=\"wp-block-image\"><figure class=\"aligncenter size-large is-resized\"><img loading=\"lazy\" decoding=\"async\" src=\"http:\/\/www.lartesana.org\/wp-content\/uploads\/2023\/09\/Imagen-de-WhatsApp-2023-09-24-a-las-20.42.23_edc49b7c.jpg\" alt=\"\" class=\"wp-image-3315\" width=\"487\" height=\"688\" srcset=\"https:\/\/www.lartesana.org\/wp-content\/uploads\/2023\/09\/Imagen-de-WhatsApp-2023-09-24-a-las-20.42.23_edc49b7c.jpg 1131w, https:\/\/www.lartesana.org\/wp-content\/uploads\/2023\/09\/Imagen-de-WhatsApp-2023-09-24-a-las-20.42.23_edc49b7c-707x1000.jpg 707w, https:\/\/www.lartesana.org\/wp-content\/uploads\/2023\/09\/Imagen-de-WhatsApp-2023-09-24-a-las-20.42.23_edc49b7c-768x1086.jpg 768w, https:\/\/www.lartesana.org\/wp-content\/uploads\/2023\/09\/Imagen-de-WhatsApp-2023-09-24-a-las-20.42.23_edc49b7c-1086x1536.jpg 1086w\" sizes=\"(max-width: 487px) 100vw, 487px\" \/><\/figure><\/div>\n\n\n\n<p><\/p>\n\n\n\n<p><\/p>\n","protected":false},"excerpt":{"rendered":"<p>El cantautor Andreu Valor y la Banda Sinf\u00f3nica de la Societat Musical l&#8217;Artesana brindar\u00e1n un espect\u00e1culo conjunto enmarcado en la programaci\u00f3n de actos para el 9 de octubre. Bandat\u00f2rium es un proyecto vivo de Andreu Valor que perdura y cosigue subir al escenario al cantautor y a las bandas sinf\u00f3nicas de cada poblaci\u00f3n en la [&hellip;]<\/p>\n","protected":false},"author":3,"featured_media":3316,"comment_status":"open","ping_status":"open","sticky":true,"template":"","format":"standard","meta":{"_et_pb_use_builder":"","_et_pb_old_content":"","_et_gb_content_width":"","footnotes":""},"categories":[10],"tags":[],"class_list":["post-3314","post","type-post","status-publish","format-standard","has-post-thumbnail","hentry","category-banda-sinfonica"],"_links":{"self":[{"href":"https:\/\/www.lartesana.org\/es\/wp-json\/wp\/v2\/posts\/3314","targetHints":{"allow":["GET"]}}],"collection":[{"href":"https:\/\/www.lartesana.org\/es\/wp-json\/wp\/v2\/posts"}],"about":[{"href":"https:\/\/www.lartesana.org\/es\/wp-json\/wp\/v2\/types\/post"}],"author":[{"embeddable":true,"href":"https:\/\/www.lartesana.org\/es\/wp-json\/wp\/v2\/users\/3"}],"replies":[{"embeddable":true,"href":"https:\/\/www.lartesana.org\/es\/wp-json\/wp\/v2\/comments?post=3314"}],"version-history":[{"count":7,"href":"https:\/\/www.lartesana.org\/es\/wp-json\/wp\/v2\/posts\/3314\/revisions"}],"predecessor-version":[{"id":3335,"href":"https:\/\/www.lartesana.org\/es\/wp-json\/wp\/v2\/posts\/3314\/revisions\/3335"}],"wp:featuredmedia":[{"embeddable":true,"href":"https:\/\/www.lartesana.org\/es\/wp-json\/wp\/v2\/media\/3316"}],"wp:attachment":[{"href":"https:\/\/www.lartesana.org\/es\/wp-json\/wp\/v2\/media?parent=3314"}],"wp:term":[{"taxonomy":"category","embeddable":true,"href":"https:\/\/www.lartesana.org\/es\/wp-json\/wp\/v2\/categories?post=3314"},{"taxonomy":"post_tag","embeddable":true,"href":"https:\/\/www.lartesana.org\/es\/wp-json\/wp\/v2\/tags?post=3314"}],"curies":[{"name":"wp","href":"https:\/\/api.w.org\/{rel}","templated":true}]}}