{"id":3279,"date":"2023-09-14T13:04:00","date_gmt":"2023-09-14T11:04:00","guid":{"rendered":"https:\/\/www.lartesana.org\/?p=3279"},"modified":"2023-09-14T14:17:06","modified_gmt":"2023-09-14T12:17:06","slug":"concert-festes-2023","status":"publish","type":"post","link":"https:\/\/www.lartesana.org\/es\/concert-festes-2023\/","title":{"rendered":"Concert Festes 2023"},"content":{"rendered":"\n<p>Comen\u00e7a una nova temporada a l&#8217;Artesana, i que millor que amb el nostre tradicional Concert de Festes en honor a Sant Miquel, que ens oferir\u00e0 la Banda Simf\u00f2nica, emmarcat dins de les festes patronals de Catarroja, el diumenge 17 a les 19 h a la Pla\u00e7a Major.<\/p>\n\n\n\n<p>En aquest concert, com ja va sent habitual, rendirem reconeixement a dos dels nostres il\u00b7lustres m\u00fasics artesans: Antonio Alapont i Vicente Esteve.<br>Vos esperem per a gaudir d&#8217;una vesprada d&#8217;emocions i bona m\u00fasica.&nbsp;<img loading=\"lazy\" decoding=\"async\" height=\"16\" width=\"16\" alt=\"&#x1f3b6;\" src=\"https:\/\/static.xx.fbcdn.net\/images\/emoji.php\/v9\/t1f\/1\/16\/1f3b6.png\"><\/p>\n\n\n\n<div class=\"wp-block-image\"><figure class=\"aligncenter size-large is-resized\"><img loading=\"lazy\" decoding=\"async\" src=\"http:\/\/www.lartesana.org\/wp-content\/uploads\/2023\/09\/concert-festes-2023-376415930_794430779354225_605299269404875787_n.jpg\" alt=\"\" class=\"wp-image-3280\" width=\"282\" height=\"398\" srcset=\"https:\/\/www.lartesana.org\/wp-content\/uploads\/2023\/09\/concert-festes-2023-376415930_794430779354225_605299269404875787_n.jpg 1131w, https:\/\/www.lartesana.org\/wp-content\/uploads\/2023\/09\/concert-festes-2023-376415930_794430779354225_605299269404875787_n-707x1000.jpg 707w, https:\/\/www.lartesana.org\/wp-content\/uploads\/2023\/09\/concert-festes-2023-376415930_794430779354225_605299269404875787_n-768x1086.jpg 768w, https:\/\/www.lartesana.org\/wp-content\/uploads\/2023\/09\/concert-festes-2023-376415930_794430779354225_605299269404875787_n-1086x1536.jpg 1086w\" sizes=\"(max-width: 282px) 100vw, 282px\" \/><\/figure><\/div>\n\n\n\n<p><\/p>\n\n\n\n<div class=\"wp-block-image\"><figure class=\"aligncenter size-large is-resized\"><img loading=\"lazy\" decoding=\"async\" src=\"http:\/\/www.lartesana.org\/wp-content\/uploads\/2023\/09\/PROGRAMA-CONCERT-FESTES-2023_page-0001-1.jpg\" alt=\"\" class=\"wp-image-3288\" width=\"440\" height=\"622\" srcset=\"https:\/\/www.lartesana.org\/wp-content\/uploads\/2023\/09\/PROGRAMA-CONCERT-FESTES-2023_page-0001-1.jpg 1241w, https:\/\/www.lartesana.org\/wp-content\/uploads\/2023\/09\/PROGRAMA-CONCERT-FESTES-2023_page-0001-1-707x1000.jpg 707w, https:\/\/www.lartesana.org\/wp-content\/uploads\/2023\/09\/PROGRAMA-CONCERT-FESTES-2023_page-0001-1-768x1086.jpg 768w, https:\/\/www.lartesana.org\/wp-content\/uploads\/2023\/09\/PROGRAMA-CONCERT-FESTES-2023_page-0001-1-1086x1536.jpg 1086w\" sizes=\"(max-width: 440px) 100vw, 440px\" \/><\/figure><\/div>\n","protected":false},"excerpt":{"rendered":"<p>Comen\u00e7a una nova temporada a l&#8217;Artesana, i que millor que amb el nostre tradicional Concert de Festes en honor a Sant Miquel, que ens oferir\u00e0 la Banda Simf\u00f2nica, emmarcat dins de les festes patronals de Catarroja, el diumenge 17 a les 19 h a la Pla\u00e7a Major. En aquest concert, com ja va sent habitual, [&hellip;]<\/p>\n","protected":false},"author":3,"featured_media":3280,"comment_status":"open","ping_status":"open","sticky":false,"template":"","format":"standard","meta":{"_et_pb_use_builder":"","_et_pb_old_content":"","_et_gb_content_width":"","footnotes":""},"categories":[10,7],"tags":[],"class_list":["post-3279","post","type-post","status-publish","format-standard","has-post-thumbnail","hentry","category-banda-sinfonica","category-societat"],"_links":{"self":[{"href":"https:\/\/www.lartesana.org\/es\/wp-json\/wp\/v2\/posts\/3279","targetHints":{"allow":["GET"]}}],"collection":[{"href":"https:\/\/www.lartesana.org\/es\/wp-json\/wp\/v2\/posts"}],"about":[{"href":"https:\/\/www.lartesana.org\/es\/wp-json\/wp\/v2\/types\/post"}],"author":[{"embeddable":true,"href":"https:\/\/www.lartesana.org\/es\/wp-json\/wp\/v2\/users\/3"}],"replies":[{"embeddable":true,"href":"https:\/\/www.lartesana.org\/es\/wp-json\/wp\/v2\/comments?post=3279"}],"version-history":[{"count":4,"href":"https:\/\/www.lartesana.org\/es\/wp-json\/wp\/v2\/posts\/3279\/revisions"}],"predecessor-version":[{"id":3289,"href":"https:\/\/www.lartesana.org\/es\/wp-json\/wp\/v2\/posts\/3279\/revisions\/3289"}],"wp:featuredmedia":[{"embeddable":true,"href":"https:\/\/www.lartesana.org\/es\/wp-json\/wp\/v2\/media\/3280"}],"wp:attachment":[{"href":"https:\/\/www.lartesana.org\/es\/wp-json\/wp\/v2\/media?parent=3279"}],"wp:term":[{"taxonomy":"category","embeddable":true,"href":"https:\/\/www.lartesana.org\/es\/wp-json\/wp\/v2\/categories?post=3279"},{"taxonomy":"post_tag","embeddable":true,"href":"https:\/\/www.lartesana.org\/es\/wp-json\/wp\/v2\/tags?post=3279"}],"curies":[{"name":"wp","href":"https:\/\/api.w.org\/{rel}","templated":true}]}}