{"id":3127,"date":"2023-05-15T13:41:45","date_gmt":"2023-05-15T11:41:45","guid":{"rendered":"https:\/\/www.lartesana.org\/?p=3127"},"modified":"2023-05-15T14:10:25","modified_gmt":"2023-05-15T12:10:25","slug":"concert-excel-lent-2023-2","status":"publish","type":"post","link":"https:\/\/www.lartesana.org\/es\/concert-excel-lent-2023-2\/","title":{"rendered":"Concert excel.lent 2023"},"content":{"rendered":"\n<p>Vos adjuntem algunes imatjes del concert que, dins de la campa\u00f1a ECEL-LENT m\u00fasica de banda 2023, organitzada per la Exma. Diputaci\u00f3 Provincial de Valencia, ens va oferir el pasat d\u00eda 14 de maig la Banda S\u00edmf\u00f3nica de la nostra Societat Musical. <\/p>\n\n\n\n<p><a href=\"https:\/\/www.facebook.com\/hashtag\/fentartesana?__eep__=6&amp;__cft__[0]=AZV1OJHHFYb01OPFn493zLWUt_oXH_jHjnz7_cUcWzq3zxvYNuCYjNS2R-vY-Awn-xxVQ4enD3nCzSReQvoLfqCEINFKMlIIrWjoDL3hBREl1qyZCgc3LhEY24upgPM8lyt8yPb5oyvkjcthIoaobw5o3AKyI3TmUOONoulmCYMABLZxCTCgUouf02WgWXVmsBE&amp;__tn__=*NK*F\">#FentArtesana<\/a><\/p>\n\n\n\n<figure class=\"wp-block-image size-large is-resized\"><img loading=\"lazy\" decoding=\"async\" src=\"http:\/\/www.lartesana.org\/wp-content\/uploads\/2023\/05\/PHOTO-2023-05-14-13-05-00-1.jpg\" alt=\"\" class=\"wp-image-3137\" width=\"531\" height=\"298\" srcset=\"https:\/\/www.lartesana.org\/wp-content\/uploads\/2023\/05\/PHOTO-2023-05-14-13-05-00-1.jpg 1599w, https:\/\/www.lartesana.org\/wp-content\/uploads\/2023\/05\/PHOTO-2023-05-14-13-05-00-1-1000x562.jpg 1000w, https:\/\/www.lartesana.org\/wp-content\/uploads\/2023\/05\/PHOTO-2023-05-14-13-05-00-1-768x432.jpg 768w, https:\/\/www.lartesana.org\/wp-content\/uploads\/2023\/05\/PHOTO-2023-05-14-13-05-00-1-1536x864.jpg 1536w, https:\/\/www.lartesana.org\/wp-content\/uploads\/2023\/05\/PHOTO-2023-05-14-13-05-00-1-239x133.jpg 239w\" sizes=\"(max-width: 531px) 100vw, 531px\" \/><\/figure>\n\n\n\n<figure class=\"wp-block-gallery columns-3 is-cropped wp-block-gallery-1 is-layout-flex wp-block-gallery-is-layout-flex\"><ul class=\"blocks-gallery-grid\"><li class=\"blocks-gallery-item\"><figure><img loading=\"lazy\" decoding=\"async\" width=\"1600\" height=\"1200\" src=\"http:\/\/www.lartesana.org\/wp-content\/uploads\/2023\/05\/PHOTO-2023-05-14-13-43-40-2.jpg\" alt=\"\" data-id=\"3129\" data-full-url=\"http:\/\/www.lartesana.org\/wp-content\/uploads\/2023\/05\/PHOTO-2023-05-14-13-43-40-2.jpg\" data-link=\"http:\/\/www.lartesana.org\/?attachment_id=3129\" class=\"wp-image-3129\" srcset=\"https:\/\/www.lartesana.org\/wp-content\/uploads\/2023\/05\/PHOTO-2023-05-14-13-43-40-2.jpg 1600w, https:\/\/www.lartesana.org\/wp-content\/uploads\/2023\/05\/PHOTO-2023-05-14-13-43-40-2-1000x750.jpg 1000w, https:\/\/www.lartesana.org\/wp-content\/uploads\/2023\/05\/PHOTO-2023-05-14-13-43-40-2-768x576.jpg 768w, https:\/\/www.lartesana.org\/wp-content\/uploads\/2023\/05\/PHOTO-2023-05-14-13-43-40-2-1536x1152.jpg 1536w\" sizes=\"(max-width: 1600px) 100vw, 1600px\" \/><\/figure><\/li><li class=\"blocks-gallery-item\"><figure><img loading=\"lazy\" decoding=\"async\" width=\"1200\" height=\"1600\" src=\"http:\/\/www.lartesana.org\/wp-content\/uploads\/2023\/05\/PHOTO-2023-05-14-14-29-27.jpg\" alt=\"\" data-id=\"3130\" data-full-url=\"http:\/\/www.lartesana.org\/wp-content\/uploads\/2023\/05\/PHOTO-2023-05-14-14-29-27.jpg\" data-link=\"http:\/\/www.lartesana.org\/?attachment_id=3130\" class=\"wp-image-3130\" srcset=\"https:\/\/www.lartesana.org\/wp-content\/uploads\/2023\/05\/PHOTO-2023-05-14-14-29-27.jpg 1200w, https:\/\/www.lartesana.org\/wp-content\/uploads\/2023\/05\/PHOTO-2023-05-14-14-29-27-750x1000.jpg 750w, https:\/\/www.lartesana.org\/wp-content\/uploads\/2023\/05\/PHOTO-2023-05-14-14-29-27-768x1024.jpg 768w, https:\/\/www.lartesana.org\/wp-content\/uploads\/2023\/05\/PHOTO-2023-05-14-14-29-27-1152x1536.jpg 1152w\" sizes=\"(max-width: 1200px) 100vw, 1200px\" \/><\/figure><\/li><li class=\"blocks-gallery-item\"><figure><img loading=\"lazy\" decoding=\"async\" width=\"2000\" height=\"1126\" src=\"http:\/\/www.lartesana.org\/wp-content\/uploads\/2023\/05\/PHOTO-2023-05-14-13-15-56-2000x1126.jpg\" alt=\"\" data-id=\"3131\" data-full-url=\"http:\/\/www.lartesana.org\/wp-content\/uploads\/2023\/05\/PHOTO-2023-05-14-13-15-56.jpg\" data-link=\"http:\/\/www.lartesana.org\/?attachment_id=3131\" class=\"wp-image-3131\" srcset=\"https:\/\/www.lartesana.org\/wp-content\/uploads\/2023\/05\/PHOTO-2023-05-14-13-15-56-2000x1126.jpg 2000w, https:\/\/www.lartesana.org\/wp-content\/uploads\/2023\/05\/PHOTO-2023-05-14-13-15-56-1000x563.jpg 1000w, https:\/\/www.lartesana.org\/wp-content\/uploads\/2023\/05\/PHOTO-2023-05-14-13-15-56-768x432.jpg 768w, https:\/\/www.lartesana.org\/wp-content\/uploads\/2023\/05\/PHOTO-2023-05-14-13-15-56-1536x865.jpg 1536w, https:\/\/www.lartesana.org\/wp-content\/uploads\/2023\/05\/PHOTO-2023-05-14-13-15-56.jpg 2048w\" sizes=\"(max-width: 2000px) 100vw, 2000px\" \/><\/figure><\/li><li class=\"blocks-gallery-item\"><figure><img loading=\"lazy\" decoding=\"async\" width=\"2000\" height=\"1126\" src=\"http:\/\/www.lartesana.org\/wp-content\/uploads\/2023\/05\/PHOTO-2023-05-14-13-16-16-2000x1126.jpg\" alt=\"\" data-id=\"3132\" data-full-url=\"http:\/\/www.lartesana.org\/wp-content\/uploads\/2023\/05\/PHOTO-2023-05-14-13-16-16.jpg\" data-link=\"http:\/\/www.lartesana.org\/?attachment_id=3132\" class=\"wp-image-3132\" srcset=\"https:\/\/www.lartesana.org\/wp-content\/uploads\/2023\/05\/PHOTO-2023-05-14-13-16-16-2000x1126.jpg 2000w, https:\/\/www.lartesana.org\/wp-content\/uploads\/2023\/05\/PHOTO-2023-05-14-13-16-16-1000x563.jpg 1000w, https:\/\/www.lartesana.org\/wp-content\/uploads\/2023\/05\/PHOTO-2023-05-14-13-16-16-768x432.jpg 768w, https:\/\/www.lartesana.org\/wp-content\/uploads\/2023\/05\/PHOTO-2023-05-14-13-16-16-1536x865.jpg 1536w, https:\/\/www.lartesana.org\/wp-content\/uploads\/2023\/05\/PHOTO-2023-05-14-13-16-16.jpg 2048w\" sizes=\"(max-width: 2000px) 100vw, 2000px\" \/><\/figure><\/li><li class=\"blocks-gallery-item\"><figure><img loading=\"lazy\" decoding=\"async\" width=\"1599\" height=\"899\" src=\"http:\/\/www.lartesana.org\/wp-content\/uploads\/2023\/05\/PHOTO-2023-05-14-13-05-00.jpg\" alt=\"\" data-id=\"3133\" data-full-url=\"http:\/\/www.lartesana.org\/wp-content\/uploads\/2023\/05\/PHOTO-2023-05-14-13-05-00.jpg\" data-link=\"http:\/\/www.lartesana.org\/?attachment_id=3133\" class=\"wp-image-3133\" srcset=\"https:\/\/www.lartesana.org\/wp-content\/uploads\/2023\/05\/PHOTO-2023-05-14-13-05-00.jpg 1599w, https:\/\/www.lartesana.org\/wp-content\/uploads\/2023\/05\/PHOTO-2023-05-14-13-05-00-1000x562.jpg 1000w, https:\/\/www.lartesana.org\/wp-content\/uploads\/2023\/05\/PHOTO-2023-05-14-13-05-00-768x432.jpg 768w, https:\/\/www.lartesana.org\/wp-content\/uploads\/2023\/05\/PHOTO-2023-05-14-13-05-00-1536x864.jpg 1536w, https:\/\/www.lartesana.org\/wp-content\/uploads\/2023\/05\/PHOTO-2023-05-14-13-05-00-239x133.jpg 239w\" sizes=\"(max-width: 1599px) 100vw, 1599px\" \/><\/figure><\/li><li class=\"blocks-gallery-item\"><figure><img loading=\"lazy\" decoding=\"async\" width=\"1600\" height=\"1200\" src=\"http:\/\/www.lartesana.org\/wp-content\/uploads\/2023\/05\/PHOTO-2023-05-14-13-43-40-1.jpg\" alt=\"\" data-id=\"3134\" data-full-url=\"http:\/\/www.lartesana.org\/wp-content\/uploads\/2023\/05\/PHOTO-2023-05-14-13-43-40-1.jpg\" data-link=\"http:\/\/www.lartesana.org\/?attachment_id=3134\" class=\"wp-image-3134\" srcset=\"https:\/\/www.lartesana.org\/wp-content\/uploads\/2023\/05\/PHOTO-2023-05-14-13-43-40-1.jpg 1600w, https:\/\/www.lartesana.org\/wp-content\/uploads\/2023\/05\/PHOTO-2023-05-14-13-43-40-1-1000x750.jpg 1000w, https:\/\/www.lartesana.org\/wp-content\/uploads\/2023\/05\/PHOTO-2023-05-14-13-43-40-1-768x576.jpg 768w, https:\/\/www.lartesana.org\/wp-content\/uploads\/2023\/05\/PHOTO-2023-05-14-13-43-40-1-1536x1152.jpg 1536w\" sizes=\"(max-width: 1600px) 100vw, 1600px\" \/><\/figure><\/li><li class=\"blocks-gallery-item\"><figure><img loading=\"lazy\" decoding=\"async\" width=\"1600\" height=\"1200\" src=\"http:\/\/www.lartesana.org\/wp-content\/uploads\/2023\/05\/PHOTO-2023-05-14-13-43-40.jpg\" alt=\"\" data-id=\"3135\" data-full-url=\"http:\/\/www.lartesana.org\/wp-content\/uploads\/2023\/05\/PHOTO-2023-05-14-13-43-40.jpg\" data-link=\"http:\/\/www.lartesana.org\/?attachment_id=3135\" class=\"wp-image-3135\" srcset=\"https:\/\/www.lartesana.org\/wp-content\/uploads\/2023\/05\/PHOTO-2023-05-14-13-43-40.jpg 1600w, https:\/\/www.lartesana.org\/wp-content\/uploads\/2023\/05\/PHOTO-2023-05-14-13-43-40-1000x750.jpg 1000w, https:\/\/www.lartesana.org\/wp-content\/uploads\/2023\/05\/PHOTO-2023-05-14-13-43-40-768x576.jpg 768w, https:\/\/www.lartesana.org\/wp-content\/uploads\/2023\/05\/PHOTO-2023-05-14-13-43-40-1536x1152.jpg 1536w\" sizes=\"(max-width: 1600px) 100vw, 1600px\" \/><\/figure><\/li><\/ul><\/figure>\n","protected":false},"excerpt":{"rendered":"<p>Vos adjuntem algunes imatjes del concert que, dins de la campa\u00f1a ECEL-LENT m\u00fasica de banda 2023, organitzada per la Exma. Diputaci\u00f3 Provincial de Valencia, ens va oferir el pasat d\u00eda 14 de maig la Banda S\u00edmf\u00f3nica de la nostra Societat Musical. #FentArtesana<\/p>\n","protected":false},"author":3,"featured_media":3122,"comment_status":"open","ping_status":"open","sticky":false,"template":"","format":"standard","meta":{"_et_pb_use_builder":"","_et_pb_old_content":"","_et_gb_content_width":"","footnotes":""},"categories":[9,10],"tags":[],"class_list":["post-3127","post","type-post","status-publish","format-standard","has-post-thumbnail","hentry","category-agrupacions","category-banda-sinfonica"],"_links":{"self":[{"href":"https:\/\/www.lartesana.org\/es\/wp-json\/wp\/v2\/posts\/3127","targetHints":{"allow":["GET"]}}],"collection":[{"href":"https:\/\/www.lartesana.org\/es\/wp-json\/wp\/v2\/posts"}],"about":[{"href":"https:\/\/www.lartesana.org\/es\/wp-json\/wp\/v2\/types\/post"}],"author":[{"embeddable":true,"href":"https:\/\/www.lartesana.org\/es\/wp-json\/wp\/v2\/users\/3"}],"replies":[{"embeddable":true,"href":"https:\/\/www.lartesana.org\/es\/wp-json\/wp\/v2\/comments?post=3127"}],"version-history":[{"count":4,"href":"https:\/\/www.lartesana.org\/es\/wp-json\/wp\/v2\/posts\/3127\/revisions"}],"predecessor-version":[{"id":3140,"href":"https:\/\/www.lartesana.org\/es\/wp-json\/wp\/v2\/posts\/3127\/revisions\/3140"}],"wp:featuredmedia":[{"embeddable":true,"href":"https:\/\/www.lartesana.org\/es\/wp-json\/wp\/v2\/media\/3122"}],"wp:attachment":[{"href":"https:\/\/www.lartesana.org\/es\/wp-json\/wp\/v2\/media?parent=3127"}],"wp:term":[{"taxonomy":"category","embeddable":true,"href":"https:\/\/www.lartesana.org\/es\/wp-json\/wp\/v2\/categories?post=3127"},{"taxonomy":"post_tag","embeddable":true,"href":"https:\/\/www.lartesana.org\/es\/wp-json\/wp\/v2\/tags?post=3127"}],"curies":[{"name":"wp","href":"https:\/\/api.w.org\/{rel}","templated":true}]}}