{"id":3114,"date":"2023-05-10T15:21:07","date_gmt":"2023-05-10T13:21:07","guid":{"rendered":"https:\/\/www.lartesana.org\/?p=3114"},"modified":"2023-05-10T15:21:09","modified_gmt":"2023-05-10T13:21:09","slug":"concert-excel-lent-2023","status":"publish","type":"post","link":"https:\/\/www.lartesana.org\/es\/concert-excel-lent-2023\/","title":{"rendered":"Concert Excel-lent 2023"},"content":{"rendered":"\n<p>Vos convidem al proper concert de la Banda Simf\u00f2nica de l&#8217;Artesana, enmarcat a la campanya\u00a0<a href=\"https:\/\/www.facebook.com\/hashtag\/excellent?__eep__=6&amp;__cft__[0]=AZV1OJHHFYb01OPFn493zLWUt_oXH_jHjnz7_cUcWzq3zxvYNuCYjNS2R-vY-Awn-xxVQ4enD3nCzSReQvoLfqCEINFKMlIIrWjoDL3hBREl1qyZCgc3LhEY24upgPM8lyt8yPb5oyvkjcthIoaobw5o3AKyI3TmUOONoulmCYMABLZxCTCgUouf02WgWXVmsBE&amp;__tn__=*NK*F\">#Excellent<\/a>\u00a0que organitza l\u2019<a href=\"https:\/\/www.facebook.com\/AjuntamentdeCatarroja\/?__cft__[0]=AZV1OJHHFYb01OPFn493zLWUt_oXH_jHjnz7_cUcWzq3zxvYNuCYjNS2R-vY-Awn-xxVQ4enD3nCzSReQvoLfqCEINFKMlIIrWjoDL3hBREl1qyZCgc3LhEY24upgPM8lyt8yPb5oyvkjcthIoaobw5o3AKyI3TmUOONoulmCYMABLZxCTCgUouf02WgWXVmsBE&amp;__tn__=kK*F\">Ajuntament de Catarroja<\/a>\u00a0junt a\u00a0<a href=\"https:\/\/www.facebook.com\/culturadival?__cft__[0]=AZV1OJHHFYb01OPFn493zLWUt_oXH_jHjnz7_cUcWzq3zxvYNuCYjNS2R-vY-Awn-xxVQ4enD3nCzSReQvoLfqCEINFKMlIIrWjoDL3hBREl1qyZCgc3LhEY24upgPM8lyt8yPb5oyvkjcthIoaobw5o3AKyI3TmUOONoulmCYMABLZxCTCgUouf02WgWXVmsBE&amp;__tn__=-]K*F\">Cultura Diputaci\u00f3 de Val\u00e8ncia<\/a>, que tindr\u00e0 lloc aquest diumenge 14 a les 12.30h al\u00a0<a href=\"https:\/\/www.facebook.com\/teatreauditoricatarroja?__cft__[0]=AZV1OJHHFYb01OPFn493zLWUt_oXH_jHjnz7_cUcWzq3zxvYNuCYjNS2R-vY-Awn-xxVQ4enD3nCzSReQvoLfqCEINFKMlIIrWjoDL3hBREl1qyZCgc3LhEY24upgPM8lyt8yPb5oyvkjcthIoaobw5o3AKyI3TmUOONoulmCYMABLZxCTCgUouf02WgWXVmsBE&amp;__tn__=-]K*F\">TAC Catarroja<\/a><\/p>\n\n\n\n<p><a href=\"https:\/\/www.facebook.com\/hashtag\/fentartesana?__eep__=6&amp;__cft__[0]=AZV1OJHHFYb01OPFn493zLWUt_oXH_jHjnz7_cUcWzq3zxvYNuCYjNS2R-vY-Awn-xxVQ4enD3nCzSReQvoLfqCEINFKMlIIrWjoDL3hBREl1qyZCgc3LhEY24upgPM8lyt8yPb5oyvkjcthIoaobw5o3AKyI3TmUOONoulmCYMABLZxCTCgUouf02WgWXVmsBE&amp;__tn__=*NK*F\">#FentArtesana<\/a><img loading=\"lazy\" decoding=\"async\" height=\"16\" width=\"16\" alt=\"&#x1f49c;\" src=\"https:\/\/static.xx.fbcdn.net\/images\/emoji.php\/v9\/t96\/1\/16\/1f49c.png\"><\/p>\n\n\n\n<div class=\"wp-block-image\"><figure class=\"alignleft size-large is-resized\"><img loading=\"lazy\" decoding=\"async\" src=\"http:\/\/www.lartesana.org\/wp-content\/uploads\/2023\/05\/345327789_945227100229845_5791030980955331828_n-2.jpg\" alt=\"\" class=\"wp-image-3122\" width=\"239\" height=\"324\" srcset=\"https:\/\/www.lartesana.org\/wp-content\/uploads\/2023\/05\/345327789_945227100229845_5791030980955331828_n-2.jpg 1079w, https:\/\/www.lartesana.org\/wp-content\/uploads\/2023\/05\/345327789_945227100229845_5791030980955331828_n-2-737x1000.jpg 737w, https:\/\/www.lartesana.org\/wp-content\/uploads\/2023\/05\/345327789_945227100229845_5791030980955331828_n-2-768x1043.jpg 768w\" sizes=\"(max-width: 239px) 100vw, 239px\" \/><\/figure><\/div>\n\n\n\n<p>Programa<\/p>\n\n\n\n<ul class=\"wp-block-list\"><li>Traner (Pasdoble) (Rafael Talens)<\/li><\/ul>\n\n\n\n<ul class=\"wp-block-list\"><li>Los viajes de Gulliver (Ben Appermont)<\/li><\/ul>\n\n\n\n<ul class=\"wp-block-list\"><li>Jericho (Ben Appermont)<\/li><\/ul>\n\n\n\n<ul class=\"wp-block-list\"><li>Pearl Harbor, Banda sonora (Hans Zimmer)<\/li><\/ul>\n\n\n\n<ul class=\"wp-block-list\"><li>La Roca, Banda sonora (Hans Zimmer)<\/li><\/ul>\n\n\n\n<ul class=\"wp-block-list\"><li>Gladiator, Banda sonora (Hans Zimmer)<\/li><\/ul>\n\n\n\n<p><\/p>\n","protected":false},"excerpt":{"rendered":"<p>Vos convidem al proper concert de la Banda Simf\u00f2nica de l&#8217;Artesana, enmarcat a la campanya\u00a0#Excellent\u00a0que organitza l\u2019Ajuntament de Catarroja\u00a0junt a\u00a0Cultura Diputaci\u00f3 de Val\u00e8ncia, que tindr\u00e0 lloc aquest diumenge 14 a les 12.30h al\u00a0TAC Catarroja #FentArtesana Programa Traner (Pasdoble) (Rafael Talens) Los viajes de Gulliver (Ben Appermont) Jericho (Ben Appermont) Pearl Harbor, Banda sonora (Hans Zimmer) [&hellip;]<\/p>\n","protected":false},"author":3,"featured_media":3116,"comment_status":"open","ping_status":"open","sticky":false,"template":"","format":"standard","meta":{"_et_pb_use_builder":"","_et_pb_old_content":"","_et_gb_content_width":"","footnotes":""},"categories":[9,10],"tags":[],"class_list":["post-3114","post","type-post","status-publish","format-standard","has-post-thumbnail","hentry","category-agrupacions","category-banda-sinfonica"],"_links":{"self":[{"href":"https:\/\/www.lartesana.org\/es\/wp-json\/wp\/v2\/posts\/3114","targetHints":{"allow":["GET"]}}],"collection":[{"href":"https:\/\/www.lartesana.org\/es\/wp-json\/wp\/v2\/posts"}],"about":[{"href":"https:\/\/www.lartesana.org\/es\/wp-json\/wp\/v2\/types\/post"}],"author":[{"embeddable":true,"href":"https:\/\/www.lartesana.org\/es\/wp-json\/wp\/v2\/users\/3"}],"replies":[{"embeddable":true,"href":"https:\/\/www.lartesana.org\/es\/wp-json\/wp\/v2\/comments?post=3114"}],"version-history":[{"count":6,"href":"https:\/\/www.lartesana.org\/es\/wp-json\/wp\/v2\/posts\/3114\/revisions"}],"predecessor-version":[{"id":3124,"href":"https:\/\/www.lartesana.org\/es\/wp-json\/wp\/v2\/posts\/3114\/revisions\/3124"}],"wp:featuredmedia":[{"embeddable":true,"href":"https:\/\/www.lartesana.org\/es\/wp-json\/wp\/v2\/media\/3116"}],"wp:attachment":[{"href":"https:\/\/www.lartesana.org\/es\/wp-json\/wp\/v2\/media?parent=3114"}],"wp:term":[{"taxonomy":"category","embeddable":true,"href":"https:\/\/www.lartesana.org\/es\/wp-json\/wp\/v2\/categories?post=3114"},{"taxonomy":"post_tag","embeddable":true,"href":"https:\/\/www.lartesana.org\/es\/wp-json\/wp\/v2\/tags?post=3114"}],"curies":[{"name":"wp","href":"https:\/\/api.w.org\/{rel}","templated":true}]}}