{"id":3035,"date":"2023-02-27T14:25:00","date_gmt":"2023-02-27T13:25:00","guid":{"rendered":"https:\/\/www.lartesana.org\/?p=3035"},"modified":"2023-02-27T14:25:02","modified_gmt":"2023-02-27T13:25:02","slug":"concert-adn-artesana","status":"publish","type":"post","link":"https:\/\/www.lartesana.org\/es\/concert-adn-artesana\/","title":{"rendered":"Concert ADN ARTESANA"},"content":{"rendered":"\n<p>Apunteu la pr\u00f2xima cita, perqu\u00e8 estem preparant un concert molt especial&#8230; M\u00e9s de cent anys d&#8217;hist\u00f2ria fan que la nostra Societat posse\u00efsca gran quantitat d&#8217;il\u00b7lustres m\u00fasics i compositors, fet del que ens sentim molt orgullosos. I sempre que s&#8217;ha donat l&#8217;oportunitat ho hem demostrat als concerts i actes de les nostres agrupacions. Aquesta vegada, ens espera un concert on els protagonistes seran alguns d&#8217;aquestos m\u00fasics, qui segueixen formant part activa de la nostra Societat i agrupacions. Gr\u00e0cies a ells i elles, vos podem avan\u00e7ar que estem preparant un cicle anomenat ADN ARTESANA, dedicat exclusivament a mostrar-vos el passat, present i futur d&#8217;aquesta Societat i dels seus il\u00b7lustres membres.<\/p>\n\n\n\n<p>PRIMERA PART<\/p>\n\n\n\n<p class=\"has-text-align-center\">Giraldillo, <em>pasodoble, Pascual P\u00e9ris Chirivella<\/em><\/p>\n\n\n\n<p class=\"has-text-align-center\">La Barila, <em>pasdoble, Fernando S\u00e1nchez Manzaneque<\/em><\/p>\n\n\n\n<p class=\"has-text-align-center\">Antonio Daniel, <em>pasodoble Pedro Gimenez Ballesteros<\/em><\/p>\n\n\n\n<p class=\"has-text-align-center\">25 Anys, <em>pasodoble, Miguel Morell\u00e1 Asins<\/em><\/p>\n\n\n\n<p>SEGONA PART<\/p>\n\n\n\n<p class=\"has-text-align-center\">Quatre dances, <em>Francisco A. Bort Ram\u00f3n<\/em><\/p>\n\n\n\n<p class=\"has-text-align-center\">Beatriz&#8217;s Nightmare, Ximo Arias Bot\u00edas<\/p>\n\n\n\n<p>Direcci\u00f3: X<em>imo Arias Bot\u00edas<\/em><\/p>\n\n\n\n<p><a href=\"https:\/\/www.facebook.com\/hashtag\/fentartesana?__eep__=6&amp;__cft__[0]=AZWuRQtjsTOJC-cQgX99J1Au6bU3fsP7vBvh5RwdwdUkrCqhtrTDJL88iTrtdEnWYsDZwK7qHLh6JD5AxJJCk1EcScBjz15wQ9sNtHEG4Nb0BH8Gys01qLXqyi_lpBbpQxp8YMyMjF7zNzZniysaTfn-3Fi3ah34o1zL6efY3MAvZZqlOOPHuFtaZBGX5AQbCaU&amp;__tn__=*NK-R\">#FentArtesana<\/a><\/p>\n\n\n\n<p><a href=\"https:\/\/www.facebook.com\/AjuntamentdeCatarroja\/?__cft__[0]=AZWuRQtjsTOJC-cQgX99J1Au6bU3fsP7vBvh5RwdwdUkrCqhtrTDJL88iTrtdEnWYsDZwK7qHLh6JD5AxJJCk1EcScBjz15wQ9sNtHEG4Nb0BH8Gys01qLXqyi_lpBbpQxp8YMyMjF7zNzZniysaTfn-3Fi3ah34o1zL6efY3MAvZZqlOOPHuFtaZBGX5AQbCaU&amp;__tn__=kK-R\">Ajuntament de Catarroja<\/a><\/p>\n\n\n\n<p><a href=\"https:\/\/www.facebook.com\/teatreauditoricatarroja?__cft__[0]=AZWuRQtjsTOJC-cQgX99J1Au6bU3fsP7vBvh5RwdwdUkrCqhtrTDJL88iTrtdEnWYsDZwK7qHLh6JD5AxJJCk1EcScBjz15wQ9sNtHEG4Nb0BH8Gys01qLXqyi_lpBbpQxp8YMyMjF7zNzZniysaTfn-3Fi3ah34o1zL6efY3MAvZZqlOOPHuFtaZBGX5AQbCaU&amp;__tn__=-]K-R\">TAC Catarroja<\/a><a href=\"https:\/\/www.facebook.com\/photo\/?fbid=657654733031831&amp;set=a.128990182564958&amp;__cft__[0]=AZWuRQtjsTOJC-cQgX99J1Au6bU3fsP7vBvh5RwdwdUkrCqhtrTDJL88iTrtdEnWYsDZwK7qHLh6JD5AxJJCk1EcScBjz15wQ9sNtHEG4Nb0BH8Gys01qLXqyi_lpBbpQxp8YMyMjF7zNzZniysaTfn-3Fi3ah34o1zL6efY3MAvZZqlOOPHuFtaZBGX5AQbCaU&amp;__tn__=EH-R\"><\/a><\/p>\n\n\n\n<figure class=\"wp-block-image size-large is-resized is-style-default\"><img loading=\"lazy\" decoding=\"async\" src=\"http:\/\/www.lartesana.org\/wp-content\/uploads\/2023\/02\/332689581_870610574169722_1052437581318699365_n-1.jpg\" alt=\"\" class=\"wp-image-3038\" width=\"462\" height=\"387\" srcset=\"https:\/\/www.lartesana.org\/wp-content\/uploads\/2023\/02\/332689581_870610574169722_1052437581318699365_n-1.jpg 940w, https:\/\/www.lartesana.org\/wp-content\/uploads\/2023\/02\/332689581_870610574169722_1052437581318699365_n-1-768x644.jpg 768w\" sizes=\"(max-width: 462px) 100vw, 462px\" \/><\/figure>\n\n\n\n\n\n<p>Todas las reacciones:30T\u00fa, Jose Domingo, Julian Rico Belda&nbsp;y&nbsp;27 personas m\u00e1s<\/p>\n","protected":false},"excerpt":{"rendered":"<p>Apunteu la pr\u00f2xima cita, perqu\u00e8 estem preparant un concert molt especial&#8230; M\u00e9s de cent anys d&#8217;hist\u00f2ria fan que la nostra Societat posse\u00efsca gran quantitat d&#8217;il\u00b7lustres m\u00fasics i compositors, fet del que ens sentim molt orgullosos. I sempre que s&#8217;ha donat l&#8217;oportunitat ho hem demostrat als concerts i actes de les nostres agrupacions. Aquesta vegada, ens [&hellip;]<\/p>\n","protected":false},"author":3,"featured_media":3038,"comment_status":"open","ping_status":"open","sticky":false,"template":"","format":"standard","meta":{"_et_pb_use_builder":"","_et_pb_old_content":"","_et_gb_content_width":"","footnotes":""},"categories":[9,10,7],"tags":[],"class_list":["post-3035","post","type-post","status-publish","format-standard","has-post-thumbnail","hentry","category-agrupacions","category-banda-sinfonica","category-societat"],"_links":{"self":[{"href":"https:\/\/www.lartesana.org\/es\/wp-json\/wp\/v2\/posts\/3035","targetHints":{"allow":["GET"]}}],"collection":[{"href":"https:\/\/www.lartesana.org\/es\/wp-json\/wp\/v2\/posts"}],"about":[{"href":"https:\/\/www.lartesana.org\/es\/wp-json\/wp\/v2\/types\/post"}],"author":[{"embeddable":true,"href":"https:\/\/www.lartesana.org\/es\/wp-json\/wp\/v2\/users\/3"}],"replies":[{"embeddable":true,"href":"https:\/\/www.lartesana.org\/es\/wp-json\/wp\/v2\/comments?post=3035"}],"version-history":[{"count":8,"href":"https:\/\/www.lartesana.org\/es\/wp-json\/wp\/v2\/posts\/3035\/revisions"}],"predecessor-version":[{"id":3046,"href":"https:\/\/www.lartesana.org\/es\/wp-json\/wp\/v2\/posts\/3035\/revisions\/3046"}],"wp:featuredmedia":[{"embeddable":true,"href":"https:\/\/www.lartesana.org\/es\/wp-json\/wp\/v2\/media\/3038"}],"wp:attachment":[{"href":"https:\/\/www.lartesana.org\/es\/wp-json\/wp\/v2\/media?parent=3035"}],"wp:term":[{"taxonomy":"category","embeddable":true,"href":"https:\/\/www.lartesana.org\/es\/wp-json\/wp\/v2\/categories?post=3035"},{"taxonomy":"post_tag","embeddable":true,"href":"https:\/\/www.lartesana.org\/es\/wp-json\/wp\/v2\/tags?post=3035"}],"curies":[{"name":"wp","href":"https:\/\/api.w.org\/{rel}","templated":true}]}}