{"id":3013,"date":"2022-12-14T15:37:58","date_gmt":"2022-12-14T14:37:58","guid":{"rendered":"https:\/\/www.lartesana.org\/?p=3013"},"modified":"2022-12-14T16:27:08","modified_gmt":"2022-12-14T15:27:08","slug":"banda-jove-eduardo-tarin","status":"publish","type":"post","link":"https:\/\/www.lartesana.org\/es\/banda-jove-eduardo-tarin\/","title":{"rendered":"Banda Jove \u00abEduardo Tar\u00edn\u00bb"},"content":{"rendered":"\n<p>El pasado d\u00eda 26 de noviembre de 2022,  tuvo lugar el tradicional Concierto de Santa Cecilia, donde les dimos la bienvenida a los nuevos m\u00fasicos de la Orquesta y Banda Sinf\u00f3nica y ofrecimos un merecido reconocimiento a los maestros Miguel Morell\u00e1 y Eduardo Tar\u00edn Ruiz, as\u00ed como a Carmen Gim\u00e9nez como Camarera de Santa Cecilia.  Nuestro presidente Oscar Guillem, en un momento de su alocuci\u00f3n,  comunic\u00f3 a los asistentes al concierto que la Junta Directiva de la Sociedad Musical l&#8217;Artesana, ha decidido que la banda juvenil de nuestra Sociedad pase a denominarse desde ahora -Banda Jove \u00ab<a rel=\"noreferrer noopener\" href=\"https:\/\/www.levante-emv.com\/horta\/2022\/01\/18\/trompetista-profesor-musica-director-joyero-61691558.html\" data-type=\"URL\" data-id=\"https:\/\/www.levante-emv.com\/horta\/2022\/01\/18\/trompetista-profesor-musica-director-joyero-61691558.html\" target=\"_blank\">Eduardo Tar\u00edn<\/a>\u00ab- en homenaje a quien fuera fundador de la misma y como reconocimiento a su labor y dedicaci\u00f3n durante toda una vida por su Artesana. <\/p>\n\n\n\n<p> <a rel=\"noreferrer noopener\" href=\"https:\/\/fb.watch\/hpCbpw7_rQ\/\" target=\"_blank\">Pincha <strong><em>aqu\u00ed <\/em><\/strong>para ver el video homenaje al Maestro Eduardo Tar\u00edn.<\/a><\/p>\n\n\n\n<p><\/p>\n\n\n\n<div class=\"wp-block-image is-style-rounded\"><figure class=\"alignright size-large is-resized\"><img loading=\"lazy\" decoding=\"async\" src=\"http:\/\/www.lartesana.org\/wp-content\/uploads\/2022\/12\/E-TARIN.jpg\" alt=\"El Maestro Eduardo Tar\u00edn \" class=\"wp-image-3017\" width=\"339\" height=\"226\" srcset=\"https:\/\/www.lartesana.org\/wp-content\/uploads\/2022\/12\/E-TARIN.jpg 275w, https:\/\/www.lartesana.org\/wp-content\/uploads\/2022\/12\/E-TARIN-140x94.jpg 140w\" sizes=\"(max-width: 339px) 100vw, 339px\" \/><figcaption><em><strong>El Maestro D. Eduardo Tar\u00edn Ruiz<\/strong><\/em><\/figcaption><\/figure><\/div>\n\n\n\n<p><\/p>\n","protected":false},"excerpt":{"rendered":"<p>El pasado d\u00eda 26 de noviembre de 2022, tuvo lugar el tradicional Concierto de Santa Cecilia, donde les dimos la bienvenida a los nuevos m\u00fasicos de la Orquesta y Banda Sinf\u00f3nica y ofrecimos un merecido reconocimiento a los maestros Miguel Morell\u00e1 y Eduardo Tar\u00edn Ruiz, as\u00ed como a Carmen Gim\u00e9nez como Camarera de Santa Cecilia. [&hellip;]<\/p>\n","protected":false},"author":3,"featured_media":3014,"comment_status":"open","ping_status":"open","sticky":true,"template":"","format":"standard","meta":{"_et_pb_use_builder":"","_et_pb_old_content":"","_et_gb_content_width":"","footnotes":""},"categories":[7],"tags":[],"class_list":["post-3013","post","type-post","status-publish","format-standard","has-post-thumbnail","hentry","category-societat"],"_links":{"self":[{"href":"https:\/\/www.lartesana.org\/es\/wp-json\/wp\/v2\/posts\/3013","targetHints":{"allow":["GET"]}}],"collection":[{"href":"https:\/\/www.lartesana.org\/es\/wp-json\/wp\/v2\/posts"}],"about":[{"href":"https:\/\/www.lartesana.org\/es\/wp-json\/wp\/v2\/types\/post"}],"author":[{"embeddable":true,"href":"https:\/\/www.lartesana.org\/es\/wp-json\/wp\/v2\/users\/3"}],"replies":[{"embeddable":true,"href":"https:\/\/www.lartesana.org\/es\/wp-json\/wp\/v2\/comments?post=3013"}],"version-history":[{"count":6,"href":"https:\/\/www.lartesana.org\/es\/wp-json\/wp\/v2\/posts\/3013\/revisions"}],"predecessor-version":[{"id":3027,"href":"https:\/\/www.lartesana.org\/es\/wp-json\/wp\/v2\/posts\/3013\/revisions\/3027"}],"wp:featuredmedia":[{"embeddable":true,"href":"https:\/\/www.lartesana.org\/es\/wp-json\/wp\/v2\/media\/3014"}],"wp:attachment":[{"href":"https:\/\/www.lartesana.org\/es\/wp-json\/wp\/v2\/media?parent=3013"}],"wp:term":[{"taxonomy":"category","embeddable":true,"href":"https:\/\/www.lartesana.org\/es\/wp-json\/wp\/v2\/categories?post=3013"},{"taxonomy":"post_tag","embeddable":true,"href":"https:\/\/www.lartesana.org\/es\/wp-json\/wp\/v2\/tags?post=3013"}],"curies":[{"name":"wp","href":"https:\/\/api.w.org\/{rel}","templated":true}]}}