{"id":2971,"date":"2022-11-22T14:51:47","date_gmt":"2022-11-22T13:51:47","guid":{"rendered":"https:\/\/www.lartesana.org\/?p=2971"},"modified":"2022-11-22T15:00:22","modified_gmt":"2022-11-22T14:00:22","slug":"concert-santa-cecilia-2022","status":"publish","type":"post","link":"https:\/\/www.lartesana.org\/es\/concert-santa-cecilia-2022\/","title":{"rendered":"Concert Santa Cecilia 2022"},"content":{"rendered":"\n<p>Vos convidem al Concert de Santa Cecilia, el pr\u00f2xim dissabte 26 de novembre, al Teatre Auditori de Catarroja, en el que rebrem als nous musics de l\u2019Orquestra i Banda Simf\u00f2niques, dirigides per Ximo Arias, amb la col-laboraci\u00f3 de la Coral Antonio Claverol i el seu director, Visente Almarche.<\/p>\n\n\n\n<p>Com b\u00e9 se sap des de la nostra Societat portem diversos anys reconeixent a aquelles persones que, d&#8217;alguna manera han contribuit a fer mes gran i notoria nostra societat musical, aquests \u00faltims anys viscuts van impedir continuar duent a terme aquestos merescuts reconeixements i \u00e9s el moment de reprendre aqueixos actes on rebran la calor de tots nosaltres i intentarem estar a l\u2019altura del que mereixen.<\/p>\n\n\n\n<p>Enguany ser\u00e0 en una data tan assenyalada com \u00e9s el concert de Santa Cec\u00edlia on retrem homenatge i reconeixement a tres persones m\u00e9s que formen ja part d\u2019eixes p\u00e0gines de la nostra hist\u00f2ria. Els mestres Eduardo Tar\u00edn Ruiz i Miguel Morell\u00e1 Asins al costat de la cambrera de l\u2019any 2000 Carmen Gim\u00e9nez Costa seran les que tindran protagonisme durant el pr\u00f2xim concert i on rebran la calor i l\u2019estima de tots nosaltres.<\/p>\n\n\n\n<p><a href=\"https:\/\/www.facebook.com\/hashtag\/fentartesana?__eep__=6&amp;__cft__[0]=AZUzwwbOHf_O3sMD3Z7Y2v-q-VyaBHzdRCZh9hQQFkWItR_fHrVlPx6k0PYmsv3KANrP-u_dIL5af9fgPCAZ269vSYElkO7RRTjmtl3pfnEojxjtcYXwp_9CgegSo4bWd88&amp;__tn__=*NK-R\">#FentArtesana<\/a> <img loading=\"lazy\" decoding=\"async\" src=\"https:\/\/static.xx.fbcdn.net\/images\/emoji.php\/v9\/t96\/1\/16\/1f49c.png\" width=\"16\" height=\"16\"> <img loading=\"lazy\" decoding=\"async\" src=\"https:\/\/static.xx.fbcdn.net\/images\/emoji.php\/v9\/t1f\/1\/16\/1f3b6.png\" width=\"16\" height=\"16\"><\/p>\n\n\n\n<figure class=\"wp-block-image size-large is-resized\"><img loading=\"lazy\" decoding=\"async\" src=\"http:\/\/www.lartesana.org\/wp-content\/uploads\/2022\/11\/cartel-concert-sta-cecilia-2022.jpg\" alt=\"\" class=\"wp-image-2976\" width=\"415\" height=\"587\" srcset=\"https:\/\/www.lartesana.org\/wp-content\/uploads\/2022\/11\/cartel-concert-sta-cecilia-2022.jpg 1414w, https:\/\/www.lartesana.org\/wp-content\/uploads\/2022\/11\/cartel-concert-sta-cecilia-2022-707x1000.jpg 707w, https:\/\/www.lartesana.org\/wp-content\/uploads\/2022\/11\/cartel-concert-sta-cecilia-2022-768x1086.jpg 768w, https:\/\/www.lartesana.org\/wp-content\/uploads\/2022\/11\/cartel-concert-sta-cecilia-2022-1086x1536.jpg 1086w\" sizes=\"(max-width: 415px) 100vw, 415px\" \/><\/figure>\n\n\n\n<div class=\"wp-block-image\"><figure class=\"aligncenter size-large is-resized\"><img loading=\"lazy\" decoding=\"async\" src=\"http:\/\/www.lartesana.org\/wp-content\/uploads\/2022\/11\/RECONEIXIMENTS_page-0001.jpg\" alt=\"\" class=\"wp-image-2978\" width=\"476\" height=\"671\"\/><\/figure><\/div>\n","protected":false},"excerpt":{"rendered":"<p>Vos convidem al Concert de Santa Cecilia, el pr\u00f2xim dissabte 26 de novembre, al Teatre Auditori de Catarroja, en el que rebrem als nous musics de l\u2019Orquestra i Banda Simf\u00f2niques, dirigides per Ximo Arias, amb la col-laboraci\u00f3 de la Coral Antonio Claverol i el seu director, Visente Almarche. Com b\u00e9 se sap des de la [&hellip;]<\/p>\n","protected":false},"author":3,"featured_media":2832,"comment_status":"open","ping_status":"open","sticky":true,"template":"","format":"standard","meta":{"_et_pb_use_builder":"","_et_pb_old_content":"","_et_gb_content_width":"","footnotes":""},"categories":[9,7],"tags":[],"class_list":["post-2971","post","type-post","status-publish","format-standard","has-post-thumbnail","hentry","category-agrupacions","category-societat"],"_links":{"self":[{"href":"https:\/\/www.lartesana.org\/es\/wp-json\/wp\/v2\/posts\/2971","targetHints":{"allow":["GET"]}}],"collection":[{"href":"https:\/\/www.lartesana.org\/es\/wp-json\/wp\/v2\/posts"}],"about":[{"href":"https:\/\/www.lartesana.org\/es\/wp-json\/wp\/v2\/types\/post"}],"author":[{"embeddable":true,"href":"https:\/\/www.lartesana.org\/es\/wp-json\/wp\/v2\/users\/3"}],"replies":[{"embeddable":true,"href":"https:\/\/www.lartesana.org\/es\/wp-json\/wp\/v2\/comments?post=2971"}],"version-history":[{"count":6,"href":"https:\/\/www.lartesana.org\/es\/wp-json\/wp\/v2\/posts\/2971\/revisions"}],"predecessor-version":[{"id":2980,"href":"https:\/\/www.lartesana.org\/es\/wp-json\/wp\/v2\/posts\/2971\/revisions\/2980"}],"wp:featuredmedia":[{"embeddable":true,"href":"https:\/\/www.lartesana.org\/es\/wp-json\/wp\/v2\/media\/2832"}],"wp:attachment":[{"href":"https:\/\/www.lartesana.org\/es\/wp-json\/wp\/v2\/media?parent=2971"}],"wp:term":[{"taxonomy":"category","embeddable":true,"href":"https:\/\/www.lartesana.org\/es\/wp-json\/wp\/v2\/categories?post=2971"},{"taxonomy":"post_tag","embeddable":true,"href":"https:\/\/www.lartesana.org\/es\/wp-json\/wp\/v2\/tags?post=2971"}],"curies":[{"name":"wp","href":"https:\/\/api.w.org\/{rel}","templated":true}]}}